


{"id":109349,"date":"2025-02-27T10:37:07","date_gmt":"2025-02-27T10:37:07","guid":{"rendered":"https:\/\/mentorday.es\/wikitips\/?p=109349"},"modified":"2025-10-07T11:31:01","modified_gmt":"2025-10-07T11:31:01","slug":"subvenciones-eficiencia-energetica-alojamientos-turisticos-canarias-2025","status":"publish","type":"post","link":"https:\/\/mentorday.es\/wikitips\/subvenciones-eficiencia-energetica-alojamientos-turisticos-canarias-2025\/","title":{"rendered":"Subvenciones para eficiencia energ\u00e9tica en alojamientos tur\u00edsticos de Canarias: C\u00f3mo solicitarlas en 2025"},"content":{"rendered":"\t\t<div data-elementor-type=\"wp-post\" data-elementor-id=\"109349\" class=\"elementor elementor-109349\" data-elementor-post-type=\"post\">\n\t\t\t\t\t\t<section class=\"elementor-section elementor-top-section elementor-element elementor-element-6c98dde5 elementor-section-boxed elementor-section-height-default elementor-section-height-default\" data-id=\"6c98dde5\" data-element_type=\"section\">\n\t\t\t\t\t\t<div class=\"elementor-container elementor-column-gap-default\">\n\t\t\t\t\t<div class=\"elementor-column elementor-col-100 elementor-top-column elementor-element elementor-element-1076a75a\" data-id=\"1076a75a\" data-element_type=\"column\">\n\t\t\t<div class=\"elementor-widget-wrap elementor-element-populated\">\n\t\t\t\t\t\t<div class=\"elementor-element elementor-element-423817e elementor-toc--minimized-on-tablet elementor-widget elementor-widget-table-of-contents\" data-id=\"423817e\" data-element_type=\"widget\" data-settings=\"{&quot;headings_by_tags&quot;:[&quot;h2&quot;,&quot;h3&quot;],&quot;exclude_headings_by_selector&quot;:[],&quot;marker_view&quot;:&quot;numbers&quot;,&quot;no_headings_message&quot;:&quot;No se ha encontrado ning\\u00fan encabezado en esta p\\u00e1gina.&quot;,&quot;minimize_box&quot;:&quot;yes&quot;,&quot;minimized_on&quot;:&quot;tablet&quot;,&quot;hierarchical_view&quot;:&quot;yes&quot;,&quot;min_height&quot;:{&quot;unit&quot;:&quot;px&quot;,&quot;size&quot;:&quot;&quot;,&quot;sizes&quot;:[]},&quot;min_height_tablet&quot;:{&quot;unit&quot;:&quot;px&quot;,&quot;size&quot;:&quot;&quot;,&quot;sizes&quot;:[]},&quot;min_height_mobile&quot;:{&quot;unit&quot;:&quot;px&quot;,&quot;size&quot;:&quot;&quot;,&quot;sizes&quot;:[]}}\" data-widget_type=\"table-of-contents.default\">\n\t\t\t\t<div class=\"elementor-widget-container\">\n\t\t\t\t\t\t\t\t\t<div class=\"elementor-toc__header\">\n\t\t\t\t\t\t<h4 class=\"elementor-toc__header-title\">\n\t\t\t\tTabla de contenidos\t\t\t<\/h4>\n\t\t\t\t\t\t\t\t\t\t<div class=\"elementor-toc__toggle-button elementor-toc__toggle-button--expand\" role=\"button\" tabindex=\"0\" aria-controls=\"elementor-toc__423817e\" aria-expanded=\"true\" aria-label=\"Abrir la tabla de contenidos\"><i aria-hidden=\"true\" class=\"fas fa-chevron-down\"><\/i><\/div>\n\t\t\t\t<div class=\"elementor-toc__toggle-button elementor-toc__toggle-button--collapse\" role=\"button\" tabindex=\"0\" aria-controls=\"elementor-toc__423817e\" aria-expanded=\"true\" aria-label=\"Cerrar la tabla de contenidos\"><i aria-hidden=\"true\" class=\"fas fa-chevron-up\"><\/i><\/div>\n\t\t\t\t\t<\/div>\n\t\t\t\t<div id=\"elementor-toc__423817e\" class=\"elementor-toc__body\">\n\t\t\t<div class=\"elementor-toc__spinner-container\">\n\t\t\t\t<i class=\"elementor-toc__spinner eicon-animation-spin eicon-loading\" aria-hidden=\"true\"><\/i>\t\t\t<\/div>\n\t\t<\/div>\n\t\t\t\t\t\t<\/div>\n\t\t\t\t<\/div>\n\t\t\t\t<div class=\"elementor-element elementor-element-c788918 elementor-widget elementor-widget-text-editor\" data-id=\"c788918\" data-element_type=\"widget\" data-widget_type=\"text-editor.default\">\n\t\t\t\t<div class=\"elementor-widget-container\">\n\t\t\t\t\t\t\t\t\t<h1 data-start=\"0\" data-end=\"105\">\ud83c\udfe8 Subvenciones para eficiencia energ\u00e9tica y econom\u00eda circular en alojamientos tur\u00edsticos en Canarias<\/h1><h2 data-start=\"107\" data-end=\"143\">\ud83d\udca1 \u00bfEn qu\u00e9 consiste esta ayuda?<\/h2><p data-start=\"145\" data-end=\"485\">El Gobierno de Canarias ha modificado las bases de las subvenciones destinadas a mejorar la eficiencia energ\u00e9tica y fomentar la econom\u00eda circular en alojamientos tur\u00edsticos. Estas ayudas forman parte del <strong data-start=\"349\" data-end=\"403\">Plan de Recuperaci\u00f3n, Transformaci\u00f3n y Resiliencia<\/strong>, financiado por la Uni\u00f3n Europea a trav\u00e9s de los fondos <strong data-start=\"460\" data-end=\"482\">Next Generation EU<\/strong>.<\/p><p data-start=\"487\" data-end=\"701\">Si eres propietario de un establecimiento tur\u00edstico en Canarias, esta convocatoria puede ayudarte a financiar proyectos de sostenibilidad y eficiencia energ\u00e9tica. A continuaci\u00f3n, te explicamos los detalles clave.<\/p><hr data-start=\"703\" data-end=\"706\" \/><h3 data-start=\"708\" data-end=\"759\">\ud83d\udccc 1. \u00bfQui\u00e9n puede solicitar esta subvenci\u00f3n?<\/h3><p data-start=\"761\" data-end=\"1082\">Esta ayuda est\u00e1 dirigida a <strong data-start=\"788\" data-end=\"819\">establecimientos tur\u00edsticos<\/strong> ubicados en Canarias que deseen implementar mejoras en <strong data-start=\"875\" data-end=\"920\">eficiencia energ\u00e9tica y econom\u00eda circular<\/strong>. Es ideal para hoteles, casas rurales, apartamentos tur\u00edsticos y otros alojamientos que quieran optimizar su consumo energ\u00e9tico y reducir su impacto ambiental.<\/p><p data-start=\"1084\" data-end=\"1239\">Para ser beneficiario, es imprescindible que el establecimiento cumpla con los requisitos establecidos en la <strong data-start=\"1193\" data-end=\"1215\">Orden n.\u00ba 450\/2022<\/strong> y sus modificaciones.<\/p><hr data-start=\"1241\" data-end=\"1244\" \/><h3 data-start=\"1246\" data-end=\"1309\">\ud83d\udee0 2. \u00bfCu\u00e1les son los cambios en la convocatoria de 2025?<\/h3><p data-start=\"1311\" data-end=\"1462\">\ud83d\udd39 <strong data-start=\"1314\" data-end=\"1351\">Ampliaci\u00f3n del plazo de ejecuci\u00f3n<\/strong><br data-start=\"1351\" data-end=\"1354\" \/>El beneficiario dispondr\u00e1 hasta el <strong data-start=\"1389\" data-end=\"1416\">30 de diciembre de 2025<\/strong> para completar las actuaciones financiadas.<\/p><p data-start=\"1464\" data-end=\"1676\">\ud83d\udd39 <strong data-start=\"1467\" data-end=\"1525\">No se han modificado otros aspectos de la convocatoria<\/strong><br data-start=\"1525\" data-end=\"1528\" \/>La estructura de las bases reguladoras y los criterios de adjudicaci\u00f3n permanecen inalterables seg\u00fan la \u00faltima actualizaci\u00f3n (Orden n.\u00ba 264\/2024).<\/p><p data-start=\"1678\" data-end=\"1841\">\ud83d\udd39 <strong data-start=\"1681\" data-end=\"1723\">R\u00e9gimen de concurrencia no competitiva<\/strong><br data-start=\"1723\" data-end=\"1726\" \/>Esto significa que las solicitudes ser\u00e1n atendidas por orden de presentaci\u00f3n hasta agotar los fondos disponibles.<\/p><hr data-start=\"1843\" data-end=\"1846\" \/><h3 data-start=\"1848\" data-end=\"1902\">\ud83d\udcb0 3. \u00bfQu\u00e9 tipo de proyectos pueden financiarse?<\/h3><p data-start=\"1904\" data-end=\"1980\">Entre las actuaciones que pueden acogerse a esta subvenci\u00f3n se encuentran:<\/p><p data-start=\"1982\" data-end=\"2379\">\u2714 Instalaci\u00f3n de sistemas de energ\u00edas renovables (paneles solares, aerotermia, etc.).<br data-start=\"2067\" data-end=\"2070\" \/>\u2714 Mejora del aislamiento t\u00e9rmico y eficiencia en la climatizaci\u00f3n.<br data-start=\"2136\" data-end=\"2139\" \/>\u2714 Implementaci\u00f3n de tecnolog\u00edas de ahorro y gesti\u00f3n inteligente de energ\u00eda.<br data-start=\"2214\" data-end=\"2217\" \/>\u2714 Reducci\u00f3n del consumo de agua y reutilizaci\u00f3n de recursos h\u00eddricos.<br data-start=\"2286\" data-end=\"2289\" \/>\u2714 Iniciativas de econom\u00eda circular para minimizar residuos y fomentar la sostenibilidad.<\/p><p data-start=\"2381\" data-end=\"2502\">Los proyectos deben ajustarse a los objetivos del <strong data-start=\"2431\" data-end=\"2474\">Componente 14, Inversi\u00f3n 4, Submedida 2<\/strong> del Plan de Recuperaci\u00f3n.<\/p><hr data-start=\"2504\" data-end=\"2507\" \/><h3 data-start=\"2509\" data-end=\"2571\">\ud83d\udcc5 4. Plazo y procedimiento para solicitar la subvenci\u00f3n<\/h3><p data-start=\"2573\" data-end=\"2882\">\ud83d\udccc <strong data-start=\"2576\" data-end=\"2599\">Plazo de ejecuci\u00f3n:<\/strong> Hasta el <strong data-start=\"2609\" data-end=\"2636\">30 de diciembre de 2025<\/strong>.<br data-start=\"2637\" data-end=\"2640\" \/>\ud83d\udccc <strong data-start=\"2643\" data-end=\"2688\">D\u00f3nde consultar la convocatoria completa:<\/strong> <a href=\"https:\/\/www.infosubvenciones.es\/bdnstrans\/GE\/es\/convocatoria\/665468\" target=\"_new\" rel=\"noopener\" data-start=\"2689\" data-end=\"2798\">Base de Datos Nacional de Subvenciones<\/a>.<br data-start=\"2799\" data-end=\"2802\" \/>\ud83d\udccc <strong data-start=\"2805\" data-end=\"2823\">\u00d3rgano gestor:<\/strong> Consejer\u00eda de Turismo y Empleo del Gobierno de Canarias.<\/p><p data-start=\"2884\" data-end=\"3072\">Las solicitudes se gestionar\u00e1n en <strong data-start=\"2918\" data-end=\"2960\">r\u00e9gimen de concurrencia no competitiva<\/strong>, por lo que es importante presentar la documentaci\u00f3n lo antes posible para garantizar el acceso a los fondos.<\/p><hr data-start=\"3074\" data-end=\"3077\" \/><h3 data-start=\"3079\" data-end=\"3098\">\ud83c\udfc1 Conclusi\u00f3n<\/h3><p data-start=\"3100\" data-end=\"3307\">Si gestionas un alojamiento tur\u00edstico en Canarias, esta subvenci\u00f3n representa una gran oportunidad para <strong data-start=\"3204\" data-end=\"3304\">invertir en sostenibilidad, reducir costes operativos y aumentar la competitividad de tu negocio<\/strong>.<\/p><p data-start=\"3309\" data-end=\"3444\" data-is-last-node=\"\" data-is-only-node=\"\">No dejes pasar esta ayuda y aseg\u00farate de cumplir con los plazos establecidos. \ud83d\ude80 \u00bfListo para hacer tu alojamiento m\u00e1s sostenible? \ud83d\udc9a\u267b<\/p><h3 data-start=\"0\" data-end=\"101\">\u2753 Preguntas tipo test sobre la subvenci\u00f3n para eficiencia energ\u00e9tica en alojamientos tur\u00edsticos<\/h3><h4 data-start=\"103\" data-end=\"209\"><strong data-start=\"108\" data-end=\"207\">1. \u00bfCu\u00e1l es el objetivo de la subvenci\u00f3n del Gobierno de Canarias para alojamientos tur\u00edsticos?<\/strong><\/h4><p data-start=\"210\" data-end=\"448\">A) Financiar la digitalizaci\u00f3n de los alojamientos tur\u00edsticos<br data-start=\"271\" data-end=\"274\" \/>B) Apoyar proyectos de eficiencia energ\u00e9tica y econom\u00eda circular<br data-start=\"338\" data-end=\"341\" \/>C) Ampliar la oferta de turismo de lujo en Canarias<br data-start=\"392\" data-end=\"395\" \/>D) Mejorar la accesibilidad en alojamientos rurales<\/p><h4 data-start=\"450\" data-end=\"548\"><strong data-start=\"455\" data-end=\"546\">2. \u00bfHasta qu\u00e9 fecha se pueden ejecutar las actuaciones financiadas por esta subvenci\u00f3n?<\/strong><\/h4><p data-start=\"549\" data-end=\"656\">A) 30 de junio de 2025<br data-start=\"571\" data-end=\"574\" \/>B) 31 de diciembre de 2024<br data-start=\"600\" data-end=\"603\" \/>C) 30 de diciembre de 2025<br data-start=\"629\" data-end=\"632\" \/>D) No hay fecha l\u00edmite<\/p><h4 data-start=\"658\" data-end=\"733\"><strong data-start=\"663\" data-end=\"731\">3. \u00bfQu\u00e9 tipo de establecimientos pueden solicitar la subvenci\u00f3n?<\/strong><\/h4><p data-start=\"734\" data-end=\"919\">A) Exclusivamente hoteles de 4 y 5 estrellas<br data-start=\"778\" data-end=\"781\" \/>B) Solo viviendas vacacionales<br data-start=\"811\" data-end=\"814\" \/>C) Cualquier alojamiento tur\u00edstico en Canarias que cumpla los requisitos<br data-start=\"886\" data-end=\"889\" \/>D) Restaurantes y cafeter\u00edas<\/p><h4 data-start=\"921\" data-end=\"967\"><strong data-start=\"926\" data-end=\"965\">4. \u00bfC\u00f3mo se adjudican estas ayudas?<\/strong><\/h4><p data-start=\"968\" data-end=\"1213\">A) Mediante sorteo entre todos los solicitantes<br data-start=\"1015\" data-end=\"1018\" \/>B) A trav\u00e9s de un concurso p\u00fablico competitivo<br data-start=\"1064\" data-end=\"1067\" \/>C) Por orden de presentaci\u00f3n hasta agotar los fondos (concurrencia no competitiva)<br data-start=\"1149\" data-end=\"1152\" \/>D) Solo a quienes hayan recibido subvenciones anteriormente<\/p><h4 data-start=\"1215\" data-end=\"1297\"><strong data-start=\"1220\" data-end=\"1295\">5. \u00bfD\u00f3nde se puede consultar la convocatoria completa de la subvenci\u00f3n?<\/strong><\/h4><p data-start=\"1298\" data-end=\"1449\">A) En el Bolet\u00edn Oficial del Estado (BOE)<br data-start=\"1339\" data-end=\"1342\" \/>B) En la web del SEPE<br data-start=\"1363\" data-end=\"1366\" \/>C) En la Base de Datos Nacional de Subvenciones<br data-start=\"1413\" data-end=\"1416\" \/>D) En los ayuntamientos locales<\/p><hr data-start=\"1451\" data-end=\"1454\" \/><h3 data-start=\"1456\" data-end=\"1488\">\u2705 <strong data-start=\"1462\" data-end=\"1486\">Respuestas correctas<\/strong><\/h3><p data-start=\"1489\" data-end=\"1834\" data-is-last-node=\"\" data-is-only-node=\"\">1\ufe0f\u20e3 <strong data-start=\"1493\" data-end=\"1561\">B) Apoyar proyectos de eficiencia energ\u00e9tica y econom\u00eda circular<\/strong><br data-start=\"1561\" data-end=\"1564\" \/>2\ufe0f\u20e3 <strong data-start=\"1568\" data-end=\"1598\">C) 30 de diciembre de 2025<\/strong><br data-start=\"1598\" data-end=\"1601\" \/>3\ufe0f\u20e3 <strong data-start=\"1605\" data-end=\"1681\">C) Cualquier alojamiento tur\u00edstico en Canarias que cumpla los requisitos<\/strong><br data-start=\"1681\" data-end=\"1684\" \/>4\ufe0f\u20e3 <strong data-start=\"1688\" data-end=\"1774\">C) Por orden de presentaci\u00f3n hasta agotar los fondos (concurrencia no competitiva)<\/strong><br data-start=\"1774\" data-end=\"1777\" \/>5\ufe0f\u20e3 <strong data-start=\"1781\" data-end=\"1832\">C) En la Base de Datos Nacional de Subvenciones<\/strong><\/p>\t\t\t\t\t\t\t\t<\/div>\n\t\t\t\t<\/div>\n\t\t\t\t\t<\/div>\n\t\t<\/div>\n\t\t\t\t\t<\/div>\n\t\t<\/section>\n\t\t<div class=\"elementor-element elementor-element-5533d49 e-con-full e-flex e-con e-parent\" data-id=\"5533d49\" data-element_type=\"container\">\n\t\t\t\t<div class=\"elementor-element elementor-element-8340b30 elementor-widget elementor-widget-text-editor\" data-id=\"8340b30\" data-element_type=\"widget\" data-widget_type=\"text-editor.default\">\n\t\t\t\t<div class=\"elementor-widget-container\">\n\t\t\t\t\t\t\t\t\t<h4 style=\"text-align: center;\"><span style=\"color: #e94c81;\"><strong>APLICA ESTE TIP EN TU PROYECTO<\/strong><\/span><\/h4>\t\t\t\t\t\t\t\t<\/div>\n\t\t\t\t<\/div>\n\t\t\t\t<\/div>\n\t\t<div class=\"elementor-element elementor-element-8f4952d e-flex e-con-boxed e-con e-parent\" data-id=\"8f4952d\" data-element_type=\"container\">\n\t\t\t\t\t<div class=\"e-con-inner\">\n\t\t\t\t<div class=\"elementor-element elementor-element-6e88adf elementor-widget elementor-widget-text-editor\" data-id=\"6e88adf\" data-element_type=\"widget\" data-widget_type=\"text-editor.default\">\n\t\t\t\t<div class=\"elementor-widget-container\">\n\t\t\t\t\t\t\t\t\t<ul><li><span style=\"font-weight: 400;\">\ud83d\udcbb <\/span><strong><span style=\"color: #009988;\">PRACTICA<\/span><\/strong><span style=\"font-weight: 400;\"> con un experto en <\/span><strong><span style=\"color: #009988;\"><a style=\"color: #009988;\" href=\"https:\/\/mentorday.es\/revision-modelo-negocio-lean-canvas\/\" target=\"_blank\" rel=\"noopener\">el pr\u00f3ximo webinar pr\u00e1ctico.<\/a><\/span><\/strong><\/li><li><span style=\"font-weight: 400;\">\ud83d\udd0e <\/span><span style=\"font-weight: 400;\"><strong><span style=\"color: #009988;\">CONSULTA<\/span><\/strong> m\u00e1s TIPs relacionadas <\/span><span style=\"font-weight: 400;\">con este mismo <\/span><a href=\"https:\/\/mentorday.es\/wikitips\/category\/desarrollo-del-negocio-estrategia\/\" target=\"_blank\" rel=\"noopener\"><strong>tema.<\/strong><\/a><\/li><li><span style=\"font-weight: 400;\">\ud83d\udcd6 <strong><span style=\"color: #009988;\">AMPLIA<\/span><\/strong> tus conocimientos descargando<strong><a href=\"https:\/\/mentorday.es\/ebook-internacionalizacion\/\" target=\"_blank\" rel=\"noopener\"> este EBOOK<\/a> y <a href=\"https:\/\/mentorday.es\/ebook\/crea-modelo-negocio-valida-ajusta-mercado\/\" target=\"_blank\" rel=\"noopener\">este EBOOK.<\/a><\/strong><\/span><\/li><\/ul><h4 style=\"text-align: center;\"><span style=\"color: #e94c81;\"><b>PIENSA EN TI<\/b><\/span><\/h4><ul><li><span style=\"font-weight: 400;\">\u200d\ud83d\ude80 <span style=\"color: #009988;\"><strong>IMPULSA<\/strong><\/span> tu empresa en el pr\u00f3ximo<\/span> <strong><span style=\"color: #009988;\"><a style=\"color: #009988;\" href=\"https:\/\/mentorday.es\/modelo-mentor-day\/\" target=\"_blank\" rel=\"noopener\">programa de aceleraci\u00f3n<\/a>,<\/span> <span style=\"color: #009988;\">\u00a1<a style=\"color: #009988;\" href=\"https:\/\/mentorday.es\/inscripcion\/\" target=\"_blank\" rel=\"noopener\">reserva tu plaza ya<\/a>!.<\/span><\/strong><\/li><li><span style=\"font-weight: 400;\">\ud83e\udd41 <span style=\"color: #009988;\"><strong>PRACTICA<\/strong><\/span> con tu proyecto en este webinar pr\u00e1ctico, <span style=\"color: #009988;\"><strong>\u00a1<\/strong><\/span><\/span><span style=\"color: #009988;\"><strong><a style=\"color: #009988;\" href=\"https:\/\/mentorday.es\/webinar\/\" target=\"_blank\" rel=\"noopener\">solicita tu plaza<\/a><\/strong><span style=\"font-weight: 400;\"><strong>!<\/strong>.<\/span><\/span><\/li><li><span style=\"font-weight: 400;\">\ud83c\udf10 <span style=\"color: #009988;\"><strong>CONTACTA<\/strong> <\/span>con otros emprendedores y empresas, <strong><span style=\"color: #009988;\">\u00a1<\/span><\/strong><\/span><strong><span style=\"color: #009988;\"><a style=\"color: #009988;\" href=\"https:\/\/mentorday.es\/networkingonline-para-emprendedores\/\" target=\"_blank\" rel=\"noopener\">inscr\u00edbete<\/a> y participa en el pr\u00f3ximo Networking!.<\/span><\/strong><\/li><\/ul><h4 style=\"text-align: center;\"><span style=\"color: #e94c81;\"><b>PIENSA EN AYUDAR A LOS DEM\u00c1S<\/b><\/span><\/h4><ul><li><span style=\"font-weight: 400;\">\ud83e\udd1d<span style=\"color: #009988;\"><strong>COLABORA<\/strong><\/span> como voluntario: <\/span><span style=\"color: #009988;\"><strong><a style=\"color: #009988;\" href=\"https:\/\/mentorday.es\/experto-especialista\/\" target=\"_blank\" rel=\"noopener\">experto<\/a>,<a style=\"color: #009988;\" href=\"https:\/\/mentorday.es\/programa-de-formacion-para-mentores\/\" target=\"_blank\" rel=\"noopener\"> mentor<\/a>,<a style=\"color: #009988;\" href=\"https:\/\/mentorday.es\/mentor-invierte\/\" target=\"_blank\" rel=\"noopener\"> inversor<\/a>,<a style=\"color: #009988;\" href=\"https:\/\/mentorday.es\/entregar-premio\/\" target=\"_blank\" rel=\"noopener\"> premiando<\/a>,<a style=\"color: #009988;\" href=\"https:\/\/mentorday.es\/conviertete-influencer-mentor-day\/\" target=\"_blank\" rel=\"noopener\"> difundiendo<\/a>,<a style=\"color: #009988;\" href=\"https:\/\/mentorday.es\/innovacion-abierta-para-tu-empresa\/\" target=\"_blank\" rel=\"noopener\"> retando<\/a>,<a style=\"color: #009988;\" href=\"https:\/\/mentorday.es\/innovacion-abierta-para-tu-empresa\/\" target=\"_blank\" rel=\"noopener\"> innovando<\/a>,<a style=\"color: #009988;\" href=\"http:\/\/mentorday.es\/wikitips\/crea-tu-tip\/\" target=\"_blank\" rel=\"noopener\"> creando una TIP<\/a>\u2026<\/strong><\/span><\/li><li><span style=\"font-weight: 400;\">\ud83d\udcac<\/span> <span style=\"font-weight: 400;\"><span style=\"color: #009988;\"><strong>RECOMIENDA<\/strong><\/span> este programa para que llegue a m\u00e1s emprendedores<\/span><span style=\"font-weight: 400;\"> por Google.<\/span><\/li><li><strong>\ud83d\udc49 <a href=\"https:\/\/survey.zohopublic.com\/zs\/YECsd8\" target=\"_blank\" rel=\"noopener\"><span style=\"color: #009988;\">\u00a1COMPARTE tu aprendizaje!.<\/span><\/a><\/strong><\/li><li style=\"text-align: left;\"><strong>\ud83d\udcf2 <span style=\"color: #009988;\">REENV\u00cdA<\/span><\/strong> esta TIP \ud83d\udc47<\/li><\/ul>\t\t\t\t\t\t\t\t<\/div>\n\t\t\t\t<\/div>\n\t\t\t\t\t<\/div>\n\t\t\t\t<\/div>\n\t\t\t\t<\/div>\n\t\t","protected":false},"excerpt":{"rendered":"<p>Solicita las subvenciones para eficiencia energ\u00e9tica en alojamientos tur\u00edsticos de Canarias y mejora la sostenibilidad de tu negocio antes de diciembre de 2025.<\/p>\n","protected":false},"author":6,"featured_media":109192,"comment_status":"open","ping_status":"open","sticky":false,"template":"","format":"standard","meta":{"footnotes":""},"categories":[1218],"tags":[1031,414,1020,1065,1032,417],"class_list":["post-109349","post","type-post","status-publish","format-standard","has-post-thumbnail","hentry","category-ayudas-y-subvenciones","tag-emprendedores","tag-financiacion-emprendedores","tag-financias","tag-innovacion","tag-negocio","tag-wikitip"],"_links":{"self":[{"href":"https:\/\/mentorday.es\/wikitips\/wp-json\/wp\/v2\/posts\/109349","targetHints":{"allow":["GET"]}}],"collection":[{"href":"https:\/\/mentorday.es\/wikitips\/wp-json\/wp\/v2\/posts"}],"about":[{"href":"https:\/\/mentorday.es\/wikitips\/wp-json\/wp\/v2\/types\/post"}],"author":[{"embeddable":true,"href":"https:\/\/mentorday.es\/wikitips\/wp-json\/wp\/v2\/users\/6"}],"replies":[{"embeddable":true,"href":"https:\/\/mentorday.es\/wikitips\/wp-json\/wp\/v2\/comments?post=109349"}],"version-history":[{"count":0,"href":"https:\/\/mentorday.es\/wikitips\/wp-json\/wp\/v2\/posts\/109349\/revisions"}],"wp:featuredmedia":[{"embeddable":true,"href":"https:\/\/mentorday.es\/wikitips\/wp-json\/wp\/v2\/media\/109192"}],"wp:attachment":[{"href":"https:\/\/mentorday.es\/wikitips\/wp-json\/wp\/v2\/media?parent=109349"}],"wp:term":[{"taxonomy":"category","embeddable":true,"href":"https:\/\/mentorday.es\/wikitips\/wp-json\/wp\/v2\/categories?post=109349"},{"taxonomy":"post_tag","embeddable":true,"href":"https:\/\/mentorday.es\/wikitips\/wp-json\/wp\/v2\/tags?post=109349"}],"curies":[{"name":"wp","href":"https:\/\/api.w.org\/{rel}","templated":true}]}}