


{"id":109388,"date":"2025-02-28T08:45:28","date_gmt":"2025-02-28T08:45:28","guid":{"rendered":"https:\/\/mentorday.es\/wikitips\/?p=109388"},"modified":"2025-10-07T11:27:22","modified_gmt":"2025-10-07T11:27:22","slug":"cdti-2025-financiacion-proyectos-id-innovacion","status":"publish","type":"post","link":"https:\/\/mentorday.es\/wikitips\/cdti-2025-financiacion-proyectos-id-innovacion\/","title":{"rendered":"Nuevas bases reguladoras del CDTI 2025: Financiaci\u00f3n para proyectos de I+D+i"},"content":{"rendered":"\t\t<div data-elementor-type=\"wp-post\" data-elementor-id=\"109388\" class=\"elementor elementor-109388\" data-elementor-post-type=\"post\">\n\t\t\t\t\t\t<section class=\"elementor-section elementor-top-section elementor-element elementor-element-6c98dde5 elementor-section-boxed elementor-section-height-default elementor-section-height-default\" data-id=\"6c98dde5\" data-element_type=\"section\">\n\t\t\t\t\t\t<div class=\"elementor-container elementor-column-gap-default\">\n\t\t\t\t\t<div class=\"elementor-column elementor-col-100 elementor-top-column elementor-element elementor-element-1076a75a\" data-id=\"1076a75a\" data-element_type=\"column\">\n\t\t\t<div class=\"elementor-widget-wrap elementor-element-populated\">\n\t\t\t\t\t\t<div class=\"elementor-element elementor-element-423817e elementor-toc--minimized-on-tablet elementor-widget elementor-widget-table-of-contents\" data-id=\"423817e\" data-element_type=\"widget\" data-settings=\"{&quot;headings_by_tags&quot;:[&quot;h2&quot;,&quot;h3&quot;],&quot;exclude_headings_by_selector&quot;:[],&quot;marker_view&quot;:&quot;numbers&quot;,&quot;no_headings_message&quot;:&quot;No se ha encontrado ning\\u00fan encabezado en esta p\\u00e1gina.&quot;,&quot;minimize_box&quot;:&quot;yes&quot;,&quot;minimized_on&quot;:&quot;tablet&quot;,&quot;hierarchical_view&quot;:&quot;yes&quot;,&quot;min_height&quot;:{&quot;unit&quot;:&quot;px&quot;,&quot;size&quot;:&quot;&quot;,&quot;sizes&quot;:[]},&quot;min_height_tablet&quot;:{&quot;unit&quot;:&quot;px&quot;,&quot;size&quot;:&quot;&quot;,&quot;sizes&quot;:[]},&quot;min_height_mobile&quot;:{&quot;unit&quot;:&quot;px&quot;,&quot;size&quot;:&quot;&quot;,&quot;sizes&quot;:[]}}\" data-widget_type=\"table-of-contents.default\">\n\t\t\t\t<div class=\"elementor-widget-container\">\n\t\t\t\t\t\t\t\t\t<div class=\"elementor-toc__header\">\n\t\t\t\t\t\t<h4 class=\"elementor-toc__header-title\">\n\t\t\t\tTabla de contenidos\t\t\t<\/h4>\n\t\t\t\t\t\t\t\t\t\t<div class=\"elementor-toc__toggle-button elementor-toc__toggle-button--expand\" role=\"button\" tabindex=\"0\" aria-controls=\"elementor-toc__423817e\" aria-expanded=\"true\" aria-label=\"Abrir la tabla de contenidos\"><i aria-hidden=\"true\" class=\"fas fa-chevron-down\"><\/i><\/div>\n\t\t\t\t<div class=\"elementor-toc__toggle-button elementor-toc__toggle-button--collapse\" role=\"button\" tabindex=\"0\" aria-controls=\"elementor-toc__423817e\" aria-expanded=\"true\" aria-label=\"Cerrar la tabla de contenidos\"><i aria-hidden=\"true\" class=\"fas fa-chevron-up\"><\/i><\/div>\n\t\t\t\t\t<\/div>\n\t\t\t\t<div id=\"elementor-toc__423817e\" class=\"elementor-toc__body\">\n\t\t\t<div class=\"elementor-toc__spinner-container\">\n\t\t\t\t<i class=\"elementor-toc__spinner eicon-animation-spin eicon-loading\" aria-hidden=\"true\"><\/i>\t\t\t<\/div>\n\t\t<\/div>\n\t\t\t\t\t\t<\/div>\n\t\t\t\t<\/div>\n\t\t\t\t<div class=\"elementor-element elementor-element-c788918 elementor-widget elementor-widget-text-editor\" data-id=\"c788918\" data-element_type=\"widget\" data-widget_type=\"text-editor.default\">\n\t\t\t\t<div class=\"elementor-widget-container\">\n\t\t\t\t\t\t\t\t\t<h1 data-start=\"0\" data-end=\"76\">\ud83d\udce2 Nuevas bases reguladoras para la concesi\u00f3n de ayudas del CDTI en 2025<\/h1><h2 data-start=\"78\" data-end=\"153\">\ud83d\udca1 \u00bfQu\u00e9 cambios trae la nueva normativa para la financiaci\u00f3n de I+D+i?<\/h2><p data-start=\"155\" data-end=\"450\">El <strong data-start=\"158\" data-end=\"222\">Centro para el Desarrollo Tecnol\u00f3gico y la Innovaci\u00f3n (CDTI)<\/strong> ha publicado la <strong data-start=\"239\" data-end=\"261\">Orden CNU\/161\/2025<\/strong>, que establece un nuevo marco normativo para la concesi\u00f3n de ayudas p\u00fablicas dentro del <strong data-start=\"350\" data-end=\"447\">Plan Estatal de Investigaci\u00f3n Cient\u00edfica y T\u00e9cnica y de Innovaci\u00f3n 2024-2027 (PEICTI 2024-27)<\/strong>.<\/p><p data-start=\"452\" data-end=\"689\">Este nuevo reglamento busca <strong data-start=\"480\" data-end=\"510\">homogeneizar y simplificar<\/strong> la concesi\u00f3n de ayudas, proporcionando informaci\u00f3n anticipada para que las empresas y entidades interesadas puedan <strong data-start=\"626\" data-end=\"686\">planificar su participaci\u00f3n en las futuras convocatorias<\/strong>.<\/p><p data-start=\"691\" data-end=\"838\">Si tienes un proyecto de I+D+i y buscas financiaci\u00f3n, aqu\u00ed te contamos qu\u00e9 cambios introduce esta normativa y qu\u00e9 oportunidades ofrece para 2025.<\/p><hr data-start=\"840\" data-end=\"843\" \/><h3 data-start=\"845\" data-end=\"918\">\ud83d\udccc 1. \u00bfQu\u00e9 programas de financiaci\u00f3n incluye esta nueva regulaci\u00f3n?<\/h3><p data-start=\"920\" data-end=\"1040\">Las nuevas bases reguladoras del <strong data-start=\"953\" data-end=\"961\">CDTI<\/strong> establecen el marco para la concesi\u00f3n de ayudas en los siguientes programas:<\/p><p data-start=\"1042\" data-end=\"1209\">\u2705 <strong data-start=\"1044\" data-end=\"1099\">Programa de Investigaci\u00f3n y Desarrollo Experimental<\/strong>: Apoyo a proyectos de I+D en empresas y consorcios, incluyendo iniciativas de colaboraci\u00f3n p\u00fablico-privada.<\/p><p data-start=\"1211\" data-end=\"1347\">\u2705 <strong data-start=\"1213\" data-end=\"1257\">Programa de Transferencia y Colaboraci\u00f3n<\/strong>: Fomento de la transferencia de conocimiento entre empresas y centros de investigaci\u00f3n.<\/p><p data-start=\"1349\" data-end=\"1469\">\u2705 <strong data-start=\"1351\" data-end=\"1377\">Programa de Innovaci\u00f3n<\/strong>: Financiaci\u00f3n de proyectos de innovaci\u00f3n con <strong data-start=\"1423\" data-end=\"1466\">alto potencial de impacto en el mercado<\/strong>.<\/p><p data-start=\"1471\" data-end=\"1644\">\u2705 <strong data-start=\"1473\" data-end=\"1509\">Programa de Internacionalizaci\u00f3n<\/strong>: Apoyo a la participaci\u00f3n de empresas espa\u00f1olas en <strong data-start=\"1561\" data-end=\"1598\">consorcios internacionales de I+D<\/strong>, facilitando su acceso a mercados globales.<\/p><p data-start=\"1646\" data-end=\"1778\">Estos programas buscan fortalecer el ecosistema innovador en Espa\u00f1a y fomentar la colaboraci\u00f3n entre distintos actores del sector.<\/p><hr data-start=\"1780\" data-end=\"1783\" \/><h3 data-start=\"1785\" data-end=\"1833\">\ud83d\udee0 2. Convocatorias planificadas para 2025<\/h3><p data-start=\"1835\" data-end=\"1927\">El CDTI ha anunciado la previsi\u00f3n de varias convocatorias clave para este a\u00f1o, incluyendo:<\/p><p data-start=\"1929\" data-end=\"2242\">\ud83d\udccc <strong data-start=\"1932\" data-end=\"1965\">Misiones Ciencia e Innovaci\u00f3n<\/strong>: Apoyo a proyectos estrat\u00e9gicos de I+D en sectores clave.<br data-start=\"2023\" data-end=\"2026\" \/>\ud83d\udccc <strong data-start=\"2029\" data-end=\"2051\">Innterconecta-STEP<\/strong>: Fomento de la colaboraci\u00f3n entre empresas para el desarrollo de tecnolog\u00edas innovadoras.<br data-start=\"2141\" data-end=\"2144\" \/>\ud83d\udccc <strong data-start=\"2147\" data-end=\"2174\">Ecosistemas Innovadores<\/strong>: Impulso a la cooperaci\u00f3n entre entidades de distinta naturaleza.<\/p><p data-start=\"2244\" data-end=\"2344\">Adem\u00e1s, se mantendr\u00e1n otras ayudas recurrentes dirigidas a empresas dentro del marco de <strong data-start=\"2332\" data-end=\"2341\">I+D+i<\/strong>.<\/p><p data-start=\"2346\" data-end=\"2526\">\ud83d\udcc5 <strong data-start=\"2349\" data-end=\"2435\">Consulta el calendario oficial con las fechas previstas de las convocatorias aqu\u00ed:<\/strong> \ud83d\udc49 <a href=\"https:\/\/www.cdti.es\/calendario-de-convocatorias\" target=\"_new\" rel=\"noopener\" data-start=\"2439\" data-end=\"2524\">CDTI &#8211; Calendario de convocatorias<\/a><\/p><hr data-start=\"2528\" data-end=\"2531\" \/><h3 data-start=\"2533\" data-end=\"2581\">\ud83d\udcb0 3. \u00bfQui\u00e9n puede acceder a estas ayudas?<\/h3><p data-start=\"2583\" data-end=\"2668\">Las convocatorias reguladas por la <strong data-start=\"2618\" data-end=\"2640\">Orden CNU\/161\/2025<\/strong> estar\u00e1n disponibles para:<\/p><p data-start=\"2670\" data-end=\"2913\">\u2714 <strong data-start=\"2672\" data-end=\"2695\">Empresas y startups<\/strong> con proyectos de I+D.<br data-start=\"2717\" data-end=\"2720\" \/>\u2714 <strong data-start=\"2722\" data-end=\"2768\">Entidades de investigaci\u00f3n y universidades<\/strong> que busquen colaborar con el sector privado.<br data-start=\"2813\" data-end=\"2816\" \/>\u2714 <strong data-start=\"2818\" data-end=\"2864\">Centros tecnol\u00f3gicos y organismos p\u00fablicos<\/strong> con inter\u00e9s en desarrollar nuevas tecnolog\u00edas.<\/p><p data-start=\"2915\" data-end=\"3125\">\ud83d\udccc Las ayudas se conceder\u00e1n en <strong data-start=\"2946\" data-end=\"2985\">r\u00e9gimen de concurrencia competitiva<\/strong>, lo que significa que los proyectos ser\u00e1n evaluados y seleccionados seg\u00fan criterios de <strong data-start=\"3073\" data-end=\"3122\">innovaci\u00f3n, viabilidad y potencial de impacto<\/strong>.<\/p><hr data-start=\"3127\" data-end=\"3130\" \/><h3 data-start=\"3132\" data-end=\"3151\">\ud83c\udfc1 Conclusi\u00f3n<\/h3><p data-start=\"3153\" data-end=\"3385\">Si est\u00e1s desarrollando un <strong data-start=\"3179\" data-end=\"3210\">proyecto innovador en I+D+i<\/strong>, esta nueva regulaci\u00f3n del <strong data-start=\"3238\" data-end=\"3246\">CDTI<\/strong> te brinda una gran oportunidad para <strong data-start=\"3283\" data-end=\"3382\">acceder a financiaci\u00f3n p\u00fablica y colaborar con otros actores clave del ecosistema de innovaci\u00f3n<\/strong>.<\/p><p data-start=\"3387\" data-end=\"3479\" data-is-last-node=\"\" data-is-only-node=\"\">\ud83d\udce2 <strong data-start=\"3390\" data-end=\"3476\">Consulta las bases, prepara tu propuesta y participa en las convocatorias de 2025!<\/strong> \ud83d\ude80<\/p><div class=\"flex max-w-full flex-col flex-grow\"><div class=\"min-h-8 text-message relative flex w-full flex-col items-end gap-2 whitespace-normal break-words text-start [.text-message+&amp;]:mt-5\" dir=\"auto\" data-message-author-role=\"assistant\" data-message-id=\"e3bff4b6-3103-448b-8c57-0de55fedb4d2\" data-message-model-slug=\"gpt-4o\"><div class=\"flex w-full flex-col gap-1 empty:hidden first:pt-[3px]\"><div class=\"markdown prose w-full break-words dark:prose-invert light\"><h3 data-start=\"0\" data-end=\"79\">\u2753 Preguntas tipo test sobre las nuevas bases reguladoras del CDTI en 2025<\/h3><h4 data-start=\"81\" data-end=\"151\"><strong data-start=\"86\" data-end=\"149\">1. \u00bfCu\u00e1l es el objetivo principal de la Orden CNU\/161\/2025?<\/strong><\/h4><p data-start=\"152\" data-end=\"421\">A) Crear un nuevo organismo de financiaci\u00f3n para startups.<br data-start=\"210\" data-end=\"213\" \/>B) Establecer un marco normativo homog\u00e9neo y simplificado para las ayudas del CDTI.<br data-start=\"296\" data-end=\"299\" \/>C) Financiar exclusivamente proyectos de energ\u00eda renovable.<br data-start=\"358\" data-end=\"361\" \/>D) Reemplazar las ayudas del CDTI por pr\u00e9stamos bancarios.<\/p><h4 data-start=\"423\" data-end=\"521\"><strong data-start=\"428\" data-end=\"519\">2. \u00bfCu\u00e1les son los principales programas de financiaci\u00f3n incluidos en las nuevas bases?<\/strong><\/h4><p data-start=\"522\" data-end=\"950\">A) Programa de Transformaci\u00f3n Digital, Programa de Internacionalizaci\u00f3n y Programa de Sostenibilidad.<br data-start=\"623\" data-end=\"626\" \/>B) Programa de Investigaci\u00f3n y Desarrollo Experimental, Programa de Transferencia y Colaboraci\u00f3n, Programa de Innovaci\u00f3n y Programa de Internacionalizaci\u00f3n.<br data-start=\"782\" data-end=\"785\" \/>C) Programa de Energ\u00eda Limpia, Programa de Automatizaci\u00f3n y Programa de Inteligencia Artificial.<br data-start=\"881\" data-end=\"884\" \/>D) Programa de Subvenciones Directas y Programa de Ayuda Social.<\/p><h4 data-start=\"952\" data-end=\"1019\"><strong data-start=\"957\" data-end=\"1017\">3. \u00bfQu\u00e9 tipo de entidades pueden solicitar estas ayudas?<\/strong><\/h4><p data-start=\"1020\" data-end=\"1250\">A) Solo grandes corporaciones tecnol\u00f3gicas.<br data-start=\"1063\" data-end=\"1066\" \/>B) Empresas, universidades, centros tecnol\u00f3gicos y organismos de investigaci\u00f3n.<br data-start=\"1145\" data-end=\"1148\" \/>C) Aut\u00f3nomos sin actividad relacionada con la I+D.<br data-start=\"1198\" data-end=\"1201\" \/>D) Exclusivamente entidades del sector p\u00fablico.<\/p><h4 data-start=\"1252\" data-end=\"1345\"><strong data-start=\"1257\" data-end=\"1343\">4. \u00bfQu\u00e9 convocatorias est\u00e1n planificadas para 2025 dentro de este marco regulador?<\/strong><\/h4><p data-start=\"1346\" data-end=\"1630\">A) Misiones Ciencia e Innovaci\u00f3n, Innterconecta-STEP y Ecosistemas Innovadores.<br data-start=\"1425\" data-end=\"1428\" \/>B) Subvenciones para aut\u00f3nomos, ayudas a la exportaci\u00f3n y financiamiento rural.<br data-start=\"1507\" data-end=\"1510\" \/>C) Ayudas a la digitalizaci\u00f3n, cr\u00e9ditos sin intereses y bonos de formaci\u00f3n.<br data-start=\"1585\" data-end=\"1588\" \/>D) Solo ayudas directas a universidades.<\/p><h4 data-start=\"1632\" data-end=\"1724\"><strong data-start=\"1637\" data-end=\"1722\">5. \u00bfD\u00f3nde se pueden consultar las fechas de las convocatorias del CDTI para 2025?<\/strong><\/h4><p data-start=\"1725\" data-end=\"1898\">A) En la web del Ministerio de Industria y Comercio.<br data-start=\"1777\" data-end=\"1780\" \/>B) En la Base de Datos Nacional de Subvenciones.<br data-start=\"1828\" data-end=\"1831\" \/>C) En el calendario oficial del CDTI.<br data-start=\"1868\" data-end=\"1871\" \/>D) En la p\u00e1gina del SEPE.<\/p><hr data-start=\"1900\" data-end=\"1903\" \/><h3 data-start=\"1905\" data-end=\"1937\">\u2705 <strong data-start=\"1911\" data-end=\"1935\">Respuestas correctas<\/strong><\/h3><p data-start=\"1938\" data-end=\"2426\" data-is-last-node=\"\" data-is-only-node=\"\">1\ufe0f\u20e3 <strong data-start=\"1942\" data-end=\"2029\">B) Establecer un marco normativo homog\u00e9neo y simplificado para las ayudas del CDTI.<\/strong><br data-start=\"2029\" data-end=\"2032\" \/>2\ufe0f\u20e3 <strong data-start=\"2036\" data-end=\"2196\">B) Programa de Investigaci\u00f3n y Desarrollo Experimental, Programa de Transferencia y Colaboraci\u00f3n, Programa de Innovaci\u00f3n y Programa de Internacionalizaci\u00f3n.<\/strong><br data-start=\"2196\" data-end=\"2199\" \/>3\ufe0f\u20e3 <strong data-start=\"2203\" data-end=\"2286\">B) Empresas, universidades, centros tecnol\u00f3gicos y organismos de investigaci\u00f3n.<\/strong><br data-start=\"2286\" data-end=\"2289\" \/>4\ufe0f\u20e3 <strong data-start=\"2293\" data-end=\"2376\">A) Misiones Ciencia e Innovaci\u00f3n, Innterconecta-STEP y Ecosistemas Innovadores.<\/strong><br data-start=\"2376\" data-end=\"2379\" \/>5\ufe0f\u20e3 <strong data-start=\"2383\" data-end=\"2424\">C) En el calendario oficial del CDTI.<\/strong><\/p><\/div><\/div><\/div><\/div>\t\t\t\t\t\t\t\t<\/div>\n\t\t\t\t<\/div>\n\t\t\t\t\t<\/div>\n\t\t<\/div>\n\t\t\t\t\t<\/div>\n\t\t<\/section>\n\t\t<div class=\"elementor-element elementor-element-5533d49 e-con-full e-flex e-con e-parent\" data-id=\"5533d49\" data-element_type=\"container\">\n\t\t\t\t<div class=\"elementor-element elementor-element-8340b30 elementor-widget elementor-widget-text-editor\" data-id=\"8340b30\" data-element_type=\"widget\" data-widget_type=\"text-editor.default\">\n\t\t\t\t<div class=\"elementor-widget-container\">\n\t\t\t\t\t\t\t\t\t<h4 style=\"text-align: center;\"><span style=\"color: #e94c81;\"><strong>APLICA ESTE TIP EN TU PROYECTO<\/strong><\/span><\/h4>\t\t\t\t\t\t\t\t<\/div>\n\t\t\t\t<\/div>\n\t\t\t\t<\/div>\n\t\t<div class=\"elementor-element elementor-element-8f4952d e-flex e-con-boxed e-con e-parent\" data-id=\"8f4952d\" data-element_type=\"container\">\n\t\t\t\t\t<div class=\"e-con-inner\">\n\t\t\t\t<div class=\"elementor-element elementor-element-6e88adf elementor-widget elementor-widget-text-editor\" data-id=\"6e88adf\" data-element_type=\"widget\" data-widget_type=\"text-editor.default\">\n\t\t\t\t<div class=\"elementor-widget-container\">\n\t\t\t\t\t\t\t\t\t<ul><li><span style=\"font-weight: 400;\">\ud83d\udcbb <\/span><strong><span style=\"color: #009988;\">PRACTICA<\/span><\/strong><span style=\"font-weight: 400;\"> con un experto en <\/span><strong><span style=\"color: #009988;\"><a style=\"color: #009988;\" href=\"https:\/\/mentorday.es\/revision-modelo-negocio-lean-canvas\/\" target=\"_blank\" rel=\"noopener\">el pr\u00f3ximo webinar pr\u00e1ctico.<\/a><\/span><\/strong><\/li><li><span style=\"font-weight: 400;\">\ud83d\udd0e <\/span><span style=\"font-weight: 400;\"><strong><span style=\"color: #009988;\">CONSULTA<\/span><\/strong> m\u00e1s TIPs relacionadas <\/span><span style=\"font-weight: 400;\">con este mismo <\/span><a href=\"https:\/\/mentorday.es\/wikitips\/category\/desarrollo-del-negocio-estrategia\/\" target=\"_blank\" rel=\"noopener\"><strong>tema.<\/strong><\/a><\/li><li><span style=\"font-weight: 400;\">\ud83d\udcd6 <strong><span style=\"color: #009988;\">AMPLIA<\/span><\/strong> tus conocimientos descargando<strong><a href=\"https:\/\/mentorday.es\/ebook-internacionalizacion\/\" target=\"_blank\" rel=\"noopener\"> este EBOOK<\/a> y <a href=\"https:\/\/mentorday.es\/ebook\/crea-modelo-negocio-valida-ajusta-mercado\/\" target=\"_blank\" rel=\"noopener\">este EBOOK.<\/a><\/strong><\/span><\/li><\/ul><h4 style=\"text-align: center;\"><span style=\"color: #e94c81;\"><b>PIENSA EN TI<\/b><\/span><\/h4><ul><li><span style=\"font-weight: 400;\">\u200d\ud83d\ude80 <span style=\"color: #009988;\"><strong>IMPULSA<\/strong><\/span> tu empresa en el pr\u00f3ximo<\/span> <strong><span style=\"color: #009988;\"><a style=\"color: #009988;\" href=\"https:\/\/mentorday.es\/modelo-mentor-day\/\" target=\"_blank\" rel=\"noopener\">programa de aceleraci\u00f3n<\/a>,<\/span> <span style=\"color: #009988;\">\u00a1<a style=\"color: #009988;\" href=\"https:\/\/mentorday.es\/inscripcion\/\" target=\"_blank\" rel=\"noopener\">reserva tu plaza ya<\/a>!.<\/span><\/strong><\/li><li><span style=\"font-weight: 400;\">\ud83e\udd41 <span style=\"color: #009988;\"><strong>PRACTICA<\/strong><\/span> con tu proyecto en este webinar pr\u00e1ctico, <span style=\"color: #009988;\"><strong>\u00a1<\/strong><\/span><\/span><span style=\"color: #009988;\"><strong><a style=\"color: #009988;\" href=\"https:\/\/mentorday.es\/webinar\/\" target=\"_blank\" rel=\"noopener\">solicita tu plaza<\/a><\/strong><span style=\"font-weight: 400;\"><strong>!<\/strong>.<\/span><\/span><\/li><li><span style=\"font-weight: 400;\">\ud83c\udf10 <span style=\"color: #009988;\"><strong>CONTACTA<\/strong> <\/span>con otros emprendedores y empresas, <strong><span style=\"color: #009988;\">\u00a1<\/span><\/strong><\/span><strong><span style=\"color: #009988;\"><a style=\"color: #009988;\" href=\"https:\/\/mentorday.es\/networkingonline-para-emprendedores\/\" target=\"_blank\" rel=\"noopener\">inscr\u00edbete<\/a> y participa en el pr\u00f3ximo Networking!.<\/span><\/strong><\/li><\/ul><h4 style=\"text-align: center;\"><span style=\"color: #e94c81;\"><b>PIENSA EN AYUDAR A LOS DEM\u00c1S<\/b><\/span><\/h4><ul><li><span style=\"font-weight: 400;\">\ud83e\udd1d<span style=\"color: #009988;\"><strong>COLABORA<\/strong><\/span> como voluntario: <\/span><span style=\"color: #009988;\"><strong><a style=\"color: #009988;\" href=\"https:\/\/mentorday.es\/experto-especialista\/\" target=\"_blank\" rel=\"noopener\">experto<\/a>,<a style=\"color: #009988;\" href=\"https:\/\/mentorday.es\/programa-de-formacion-para-mentores\/\" target=\"_blank\" rel=\"noopener\"> mentor<\/a>,<a style=\"color: #009988;\" href=\"https:\/\/mentorday.es\/mentor-invierte\/\" target=\"_blank\" rel=\"noopener\"> inversor<\/a>,<a style=\"color: #009988;\" href=\"https:\/\/mentorday.es\/entregar-premio\/\" target=\"_blank\" rel=\"noopener\"> premiando<\/a>,<a style=\"color: #009988;\" href=\"https:\/\/mentorday.es\/conviertete-influencer-mentor-day\/\" target=\"_blank\" rel=\"noopener\"> difundiendo<\/a>,<a style=\"color: #009988;\" href=\"https:\/\/mentorday.es\/innovacion-abierta-para-tu-empresa\/\" target=\"_blank\" rel=\"noopener\"> retando<\/a>,<a style=\"color: #009988;\" href=\"https:\/\/mentorday.es\/innovacion-abierta-para-tu-empresa\/\" target=\"_blank\" rel=\"noopener\"> innovando<\/a>,<a style=\"color: #009988;\" href=\"http:\/\/mentorday.es\/wikitips\/crea-tu-tip\/\" target=\"_blank\" rel=\"noopener\"> creando una TIP<\/a>\u2026<\/strong><\/span><\/li><li><span style=\"font-weight: 400;\">\ud83d\udcac<\/span> <span style=\"font-weight: 400;\"><span style=\"color: #009988;\"><strong>RECOMIENDA<\/strong><\/span> este programa para que llegue a m\u00e1s emprendedores<\/span><span style=\"font-weight: 400;\"> por Google.<\/span><\/li><li><strong>\ud83d\udc49 <a href=\"https:\/\/survey.zohopublic.com\/zs\/YECsd8\" target=\"_blank\" rel=\"noopener\"><span style=\"color: #009988;\">\u00a1COMPARTE tu aprendizaje!.<\/span><\/a><\/strong><\/li><li style=\"text-align: left;\"><strong>\ud83d\udcf2 <span style=\"color: #009988;\">REENV\u00cdA<\/span><\/strong> esta TIP \ud83d\udc47<\/li><\/ul>\t\t\t\t\t\t\t\t<\/div>\n\t\t\t\t<\/div>\n\t\t\t\t\t<\/div>\n\t\t\t\t<\/div>\n\t\t\t\t<\/div>\n\t\t","protected":false},"excerpt":{"rendered":"<p>Consulta las nuevas bases reguladoras del CDTI 2025 y accede a financiaci\u00f3n para proyectos de I+D+i. Descubre programas, convocatorias y plazos clave.<\/p>\n","protected":false},"author":6,"featured_media":108386,"comment_status":"open","ping_status":"open","sticky":false,"template":"","format":"standard","meta":{"footnotes":""},"categories":[1218],"tags":[1031,414,1020,1065,1032,417],"class_list":["post-109388","post","type-post","status-publish","format-standard","has-post-thumbnail","hentry","category-ayudas-y-subvenciones","tag-emprendedores","tag-financiacion-emprendedores","tag-financias","tag-innovacion","tag-negocio","tag-wikitip"],"_links":{"self":[{"href":"https:\/\/mentorday.es\/wikitips\/wp-json\/wp\/v2\/posts\/109388","targetHints":{"allow":["GET"]}}],"collection":[{"href":"https:\/\/mentorday.es\/wikitips\/wp-json\/wp\/v2\/posts"}],"about":[{"href":"https:\/\/mentorday.es\/wikitips\/wp-json\/wp\/v2\/types\/post"}],"author":[{"embeddable":true,"href":"https:\/\/mentorday.es\/wikitips\/wp-json\/wp\/v2\/users\/6"}],"replies":[{"embeddable":true,"href":"https:\/\/mentorday.es\/wikitips\/wp-json\/wp\/v2\/comments?post=109388"}],"version-history":[{"count":0,"href":"https:\/\/mentorday.es\/wikitips\/wp-json\/wp\/v2\/posts\/109388\/revisions"}],"wp:featuredmedia":[{"embeddable":true,"href":"https:\/\/mentorday.es\/wikitips\/wp-json\/wp\/v2\/media\/108386"}],"wp:attachment":[{"href":"https:\/\/mentorday.es\/wikitips\/wp-json\/wp\/v2\/media?parent=109388"}],"wp:term":[{"taxonomy":"category","embeddable":true,"href":"https:\/\/mentorday.es\/wikitips\/wp-json\/wp\/v2\/categories?post=109388"},{"taxonomy":"post_tag","embeddable":true,"href":"https:\/\/mentorday.es\/wikitips\/wp-json\/wp\/v2\/tags?post=109388"}],"curies":[{"name":"wp","href":"https:\/\/api.w.org\/{rel}","templated":true}]}}