


{"id":109423,"date":"2025-03-03T10:26:06","date_gmt":"2025-03-03T10:26:06","guid":{"rendered":"https:\/\/mentorday.es\/wikitips\/?p=109423"},"modified":"2025-10-07T11:27:10","modified_gmt":"2025-10-07T11:27:10","slug":"digion-canarias-2025-digitalizacion-innovacion-empresarial","status":"publish","type":"post","link":"https:\/\/mentorday.es\/wikitips\/digion-canarias-2025-digitalizacion-innovacion-empresarial\/","title":{"rendered":"DigiON Canarias 2025: El evento clave para la digitalizaci\u00f3n y la innovaci\u00f3n"},"content":{"rendered":"\t\t<div data-elementor-type=\"wp-post\" data-elementor-id=\"109423\" class=\"elementor elementor-109423\" data-elementor-post-type=\"post\">\n\t\t\t\t\t\t<section class=\"elementor-section elementor-top-section elementor-element elementor-element-6c98dde5 elementor-section-boxed elementor-section-height-default elementor-section-height-default\" data-id=\"6c98dde5\" data-element_type=\"section\">\n\t\t\t\t\t\t<div class=\"elementor-container elementor-column-gap-default\">\n\t\t\t\t\t<div class=\"elementor-column elementor-col-100 elementor-top-column elementor-element elementor-element-1076a75a\" data-id=\"1076a75a\" data-element_type=\"column\">\n\t\t\t<div class=\"elementor-widget-wrap elementor-element-populated\">\n\t\t\t\t\t\t<div class=\"elementor-element elementor-element-423817e elementor-toc--minimized-on-tablet elementor-widget elementor-widget-table-of-contents\" data-id=\"423817e\" data-element_type=\"widget\" data-settings=\"{&quot;headings_by_tags&quot;:[&quot;h2&quot;,&quot;h3&quot;],&quot;exclude_headings_by_selector&quot;:[],&quot;marker_view&quot;:&quot;numbers&quot;,&quot;no_headings_message&quot;:&quot;No se ha encontrado ning\\u00fan encabezado en esta p\\u00e1gina.&quot;,&quot;minimize_box&quot;:&quot;yes&quot;,&quot;minimized_on&quot;:&quot;tablet&quot;,&quot;hierarchical_view&quot;:&quot;yes&quot;,&quot;min_height&quot;:{&quot;unit&quot;:&quot;px&quot;,&quot;size&quot;:&quot;&quot;,&quot;sizes&quot;:[]},&quot;min_height_tablet&quot;:{&quot;unit&quot;:&quot;px&quot;,&quot;size&quot;:&quot;&quot;,&quot;sizes&quot;:[]},&quot;min_height_mobile&quot;:{&quot;unit&quot;:&quot;px&quot;,&quot;size&quot;:&quot;&quot;,&quot;sizes&quot;:[]}}\" data-widget_type=\"table-of-contents.default\">\n\t\t\t\t<div class=\"elementor-widget-container\">\n\t\t\t\t\t\t\t\t\t<div class=\"elementor-toc__header\">\n\t\t\t\t\t\t<h4 class=\"elementor-toc__header-title\">\n\t\t\t\tTabla de contenidos\t\t\t<\/h4>\n\t\t\t\t\t\t\t\t\t\t<div class=\"elementor-toc__toggle-button elementor-toc__toggle-button--expand\" role=\"button\" tabindex=\"0\" aria-controls=\"elementor-toc__423817e\" aria-expanded=\"true\" aria-label=\"Abrir la tabla de contenidos\"><i aria-hidden=\"true\" class=\"fas fa-chevron-down\"><\/i><\/div>\n\t\t\t\t<div class=\"elementor-toc__toggle-button elementor-toc__toggle-button--collapse\" role=\"button\" tabindex=\"0\" aria-controls=\"elementor-toc__423817e\" aria-expanded=\"true\" aria-label=\"Cerrar la tabla de contenidos\"><i aria-hidden=\"true\" class=\"fas fa-chevron-up\"><\/i><\/div>\n\t\t\t\t\t<\/div>\n\t\t\t\t<div id=\"elementor-toc__423817e\" class=\"elementor-toc__body\">\n\t\t\t<div class=\"elementor-toc__spinner-container\">\n\t\t\t\t<i class=\"elementor-toc__spinner eicon-animation-spin eicon-loading\" aria-hidden=\"true\"><\/i>\t\t\t<\/div>\n\t\t<\/div>\n\t\t\t\t\t\t<\/div>\n\t\t\t\t<\/div>\n\t\t\t\t<div class=\"elementor-element elementor-element-546fea5a elementor-widget__width-initial elementor-widget elementor-widget-text-editor\" data-id=\"546fea5a\" data-element_type=\"widget\" data-widget_type=\"text-editor.default\">\n\t\t\t\t<div class=\"elementor-widget-container\">\n\t\t\t\t\t\t\t\t\t<h1 data-start=\"0\" data-end=\"83\">\ud83d\ude80 DigiON Canarias 2025: El evento clave para la digitalizaci\u00f3n y la innovaci\u00f3n<\/h1><h2 data-start=\"85\" data-end=\"152\">\ud83c\udf0d Transformaci\u00f3n digital y networking empresarial en Canarias<\/h2><p data-start=\"154\" data-end=\"494\">DigiON Canarias regresa los d\u00edas <strong data-start=\"187\" data-end=\"213\">2 y 3 de abril de 2025<\/strong> a <strong data-start=\"216\" data-end=\"250\">Infecar, Feria de Gran Canaria<\/strong>, consolid\u00e1ndose como el evento de referencia en digitalizaci\u00f3n e innovaci\u00f3n en el archipi\u00e9lago. Empresas, profesionales y expertos en <strong data-start=\"385\" data-end=\"411\">transformaci\u00f3n digital<\/strong> se dar\u00e1n cita para explorar las \u00faltimas tendencias y oportunidades tecnol\u00f3gicas.<\/p><h3 data-start=\"496\" data-end=\"544\">\ud83d\udd0d <strong data-start=\"503\" data-end=\"542\">\u00bfPor qu\u00e9 asistir a DigiON Canarias?<\/strong><\/h3><p data-start=\"546\" data-end=\"637\">Este evento, promovido por el <strong data-start=\"576\" data-end=\"603\">Cabildo de Gran Canaria<\/strong>, es una oportunidad \u00fanica para:<\/p><p data-start=\"639\" data-end=\"966\">\u2705 <strong data-start=\"641\" data-end=\"675\">Conocer las \u00faltimas tendencias<\/strong> en digitalizaci\u00f3n empresarial.<br data-start=\"706\" data-end=\"709\" \/>\u2705 <strong data-start=\"711\" data-end=\"779\">Hacer networking con expertos, inversores y empresas del sector.<\/strong><br data-start=\"779\" data-end=\"782\" \/>\u2705 <strong data-start=\"784\" data-end=\"821\">Descubrir soluciones tecnol\u00f3gicas<\/strong> innovadoras para transformar negocios.<br data-start=\"860\" data-end=\"863\" \/>\u2705 <strong data-start=\"865\" data-end=\"911\">Participar en conferencias de primer nivel<\/strong> sobre inteligencia artificial, automatizaci\u00f3n y m\u00e1s.<\/p><h3 data-start=\"968\" data-end=\"1017\">\ud83d\udce2 <strong data-start=\"975\" data-end=\"1015\">\u00bfEres expositor? Potencia tu negocio<\/strong><\/h3><p data-start=\"1019\" data-end=\"1141\">Si ofreces soluciones tecnol\u00f3gicas, DigiON Canarias es el <strong data-start=\"1077\" data-end=\"1096\">escenario ideal<\/strong> para destacar ante un p\u00fablico estrat\u00e9gico.<\/p><p data-start=\"1143\" data-end=\"1419\">\ud83c\udfaf <strong data-start=\"1146\" data-end=\"1176\">Ventajas de ser expositor:<\/strong><br data-start=\"1176\" data-end=\"1179\" \/>\u2714 M\u00e1xima <strong data-start=\"1188\" data-end=\"1203\">visibilidad<\/strong> ante empresas y profesionales en b\u00fasqueda de innovaci\u00f3n.<br data-start=\"1260\" data-end=\"1263\" \/>\u2714 <strong data-start=\"1265\" data-end=\"1279\">Networking<\/strong> de alto impacto con potenciales clientes y colaboradores.<br data-start=\"1337\" data-end=\"1340\" \/>\u2714 <strong data-start=\"1342\" data-end=\"1373\">Generaci\u00f3n de oportunidades<\/strong> para impulsar tu negocio y cerrar acuerdos.<\/p><p data-start=\"1421\" data-end=\"1487\">\ud83d\udccc <strong data-start=\"1424\" data-end=\"1484\">Consulta el cat\u00e1logo de expositores y asegura tu espacio<\/strong>.<\/p><h3 data-start=\"1489\" data-end=\"1533\">\ud83c\udfa4 <strong data-start=\"1496\" data-end=\"1531\">Ponentes y charlas inspiradoras<\/strong><\/h3><p data-start=\"1535\" data-end=\"1630\">DigiON Canarias contar\u00e1 con <strong data-start=\"1563\" data-end=\"1591\">expertos de primer nivel<\/strong> que compartir\u00e1n conocimientos sobre:<\/p><p data-start=\"1632\" data-end=\"1836\">\ud83d\udca1 <strong data-start=\"1635\" data-end=\"1679\">Inteligencia artificial y productividad.<\/strong><br data-start=\"1679\" data-end=\"1682\" \/>\ud83d\udcca <strong data-start=\"1685\" data-end=\"1726\">Automatizaci\u00f3n y gesti\u00f3n empresarial.<\/strong><br data-start=\"1726\" data-end=\"1729\" \/>\ud83d\udd17 <strong data-start=\"1732\" data-end=\"1778\">Estrategias digitales para el crecimiento.<\/strong><br data-start=\"1778\" data-end=\"1781\" \/>\ud83d\udcc8 <strong data-start=\"1784\" data-end=\"1834\">Innovaci\u00f3n tecnol\u00f3gica en mercados emergentes.<\/strong><\/p><h3 data-start=\"1838\" data-end=\"1899\">\ud83d\udcc5 <strong data-start=\"1845\" data-end=\"1897\">Reserva tu plaza y \u00fanete a la revoluci\u00f3n digital<\/strong><\/h3><p data-start=\"1901\" data-end=\"2006\">Si eres emprendedor, profesional o empresa en proceso de transformaci\u00f3n digital, este es <strong data-start=\"1990\" data-end=\"2003\">tu evento<\/strong>.<\/p><p data-start=\"2008\" data-end=\"2107\" data-is-last-node=\"\" data-is-only-node=\"\">\ud83d\udd17 <strong data-start=\"2011\" data-end=\"2046\">M\u00e1s informaci\u00f3n y registro aqu\u00ed<\/strong>: <a href=\"https:\/\/www.digioncanarias.com\" target=\"_new\" rel=\"noopener\" data-start=\"2048\" data-end=\"2102\">DigiON<\/a><\/p><h3 data-start=\"0\" data-end=\"49\">\ud83d\udccc <strong data-start=\"7\" data-end=\"47\">Preguntas sobre DigiON Canarias 2025<\/strong><\/h3><h4 data-start=\"51\" data-end=\"106\"><strong data-start=\"56\" data-end=\"104\">1. \u00bfD\u00f3nde se celebrar\u00e1 DigiON Canarias 2025?<\/strong><\/h4><p data-start=\"107\" data-end=\"292\">A) En el Auditorio Alfredo Kraus, Las Palmas de Gran Canaria.<br data-start=\"168\" data-end=\"171\" \/>B) En Infecar, Feria de Gran Canaria.<br data-start=\"208\" data-end=\"211\" \/>C) En el Recinto Ferial de Tenerife.<br data-start=\"247\" data-end=\"250\" \/>D) En la C\u00e1mara de Comercio de Canarias.<\/p><hr data-start=\"294\" data-end=\"297\" \/><h4 data-start=\"299\" data-end=\"370\"><strong data-start=\"304\" data-end=\"368\">2. \u00bfCu\u00e1les son los principales objetivos de DigiON Canarias?<\/strong><\/h4><p data-start=\"371\" data-end=\"600\">A) Promover la agricultura ecol\u00f3gica en las islas.<br data-start=\"421\" data-end=\"424\" \/>B) Impulsar la digitalizaci\u00f3n e innovaci\u00f3n empresarial.<br data-start=\"479\" data-end=\"482\" \/>C) Organizar ferias de empleo en el sector tur\u00edstico.<br data-start=\"535\" data-end=\"538\" \/>D) Desarrollar programas de formaci\u00f3n en cocina tradicional.<\/p><hr data-start=\"602\" data-end=\"605\" \/><h4 data-start=\"607\" data-end=\"664\"><strong data-start=\"612\" data-end=\"662\">3. \u00bfQui\u00e9n financia y promueve DigiON Canarias?<\/strong><\/h4><p data-start=\"665\" data-end=\"811\">A) El Ministerio de Ciencia e Innovaci\u00f3n de Espa\u00f1a.<br data-start=\"716\" data-end=\"719\" \/>B) La Comisi\u00f3n Europea.<br data-start=\"742\" data-end=\"745\" \/>C) El Cabildo de Gran Canaria.<br data-start=\"775\" data-end=\"778\" \/>D) La Universidad de La Laguna.<\/p><hr data-start=\"813\" data-end=\"816\" \/><h4 data-start=\"818\" data-end=\"890\"><strong data-start=\"823\" data-end=\"888\">4. \u00bfQu\u00e9 beneficios tienen los expositores en DigiON Canarias?<\/strong><\/h4><p data-start=\"891\" data-end=\"1121\">A) Participar en sorteos de tecnolog\u00eda gratuita.<br data-start=\"939\" data-end=\"942\" \/>B) Presentar sus productos ante un p\u00fablico estrat\u00e9gico y hacer networking.<br data-start=\"1016\" data-end=\"1019\" \/>C) Acceder a financiaci\u00f3n directa del Cabildo.<br data-start=\"1065\" data-end=\"1068\" \/>D) Recibir formaci\u00f3n gratuita en marketing digital.<\/p><hr data-start=\"1123\" data-end=\"1126\" \/><h4 data-start=\"1128\" data-end=\"1199\"><strong data-start=\"1133\" data-end=\"1197\">5. \u00bfQu\u00e9 temas ser\u00e1n tratados en las conferencias del evento?<\/strong><\/h4><p data-start=\"1200\" data-end=\"1434\">A) Inteligencia artificial, automatizaci\u00f3n y estrategias digitales.<br data-start=\"1267\" data-end=\"1270\" \/>B) Energ\u00edas renovables y sostenibilidad en la agricultura.<br data-start=\"1328\" data-end=\"1331\" \/>C) Gesti\u00f3n hotelera y turismo sostenible.<br data-start=\"1372\" data-end=\"1375\" \/>D) Comercio exterior y exportaci\u00f3n de productos canarios.<\/p><hr data-start=\"1436\" data-end=\"1439\" \/><h3 data-start=\"1441\" data-end=\"1473\">\u2705 <strong data-start=\"1447\" data-end=\"1471\">Respuestas correctas<\/strong><\/h3><ol data-start=\"1474\" data-end=\"1786\" data-is-only-node=\"\" data-is-last-node=\"\"><li data-start=\"1474\" data-end=\"1520\"><strong data-start=\"1477\" data-end=\"1518\">B) En Infecar, Feria de Gran Canaria.<\/strong><\/li><li data-start=\"1521\" data-end=\"1585\"><strong data-start=\"1524\" data-end=\"1583\">B) Impulsar la digitalizaci\u00f3n e innovaci\u00f3n empresarial.<\/strong><\/li><li data-start=\"1586\" data-end=\"1625\"><strong data-start=\"1589\" data-end=\"1623\">C) El Cabildo de Gran Canaria.<\/strong><\/li><li data-start=\"1626\" data-end=\"1709\"><strong data-start=\"1629\" data-end=\"1707\">B) Presentar sus productos ante un p\u00fablico estrat\u00e9gico y hacer networking.<\/strong><\/li><li data-start=\"1710\" data-end=\"1786\" data-is-last-node=\"\"><strong data-start=\"1713\" data-end=\"1784\">A) Inteligencia artificial, automatizaci\u00f3n y estrategias digitales.<\/strong><\/li><\/ol><p data-start=\"2008\" data-end=\"2107\" data-is-last-node=\"\" data-is-only-node=\"\">\u00a0<\/p><p data-start=\"2008\" data-end=\"2107\" data-is-last-node=\"\" data-is-only-node=\"\"><a href=\"https:\/\/www.digioncanarias.com\" target=\"_new\" rel=\"noopener\" data-start=\"2048\" data-end=\"2102\"> Canarias 2025<\/a> \ud83d\ude80\ud83d\udca1<\/p>\t\t\t\t\t\t\t\t<\/div>\n\t\t\t\t<\/div>\n\t\t\t\t\t<\/div>\n\t\t<\/div>\n\t\t\t\t\t<\/div>\n\t\t<\/section>\n\t\t<div class=\"elementor-element elementor-element-5533d49 e-con-full e-flex e-con e-parent\" data-id=\"5533d49\" data-element_type=\"container\">\n\t\t\t\t<div class=\"elementor-element elementor-element-8340b30 elementor-widget elementor-widget-text-editor\" data-id=\"8340b30\" data-element_type=\"widget\" data-widget_type=\"text-editor.default\">\n\t\t\t\t<div class=\"elementor-widget-container\">\n\t\t\t\t\t\t\t\t\t<h4 style=\"text-align: center;\"><span style=\"color: #e94c81;\"><strong>APLICA ESTE TIP EN TU PROYECTO<\/strong><\/span><\/h4>\t\t\t\t\t\t\t\t<\/div>\n\t\t\t\t<\/div>\n\t\t\t\t<\/div>\n\t\t<div class=\"elementor-element elementor-element-8f4952d e-flex e-con-boxed e-con e-parent\" data-id=\"8f4952d\" data-element_type=\"container\">\n\t\t\t\t\t<div class=\"e-con-inner\">\n\t\t\t\t<div class=\"elementor-element elementor-element-6e88adf elementor-widget elementor-widget-text-editor\" data-id=\"6e88adf\" data-element_type=\"widget\" data-widget_type=\"text-editor.default\">\n\t\t\t\t<div class=\"elementor-widget-container\">\n\t\t\t\t\t\t\t\t\t<ul><li><span style=\"font-weight: 400;\">\ud83d\udcbb <\/span><strong><span style=\"color: #009988;\">PRACTICA<\/span><\/strong><span style=\"font-weight: 400;\"> con un experto en <\/span><strong><span style=\"color: #009988;\"><a style=\"color: #009988;\" href=\"https:\/\/mentorday.es\/revision-modelo-negocio-lean-canvas\/\" target=\"_blank\" rel=\"noopener\">el pr\u00f3ximo webinar pr\u00e1ctico.<\/a><\/span><\/strong><\/li><li><span style=\"font-weight: 400;\">\ud83d\udd0e <\/span><span style=\"font-weight: 400;\"><strong><span style=\"color: #009988;\">CONSULTA<\/span><\/strong> m\u00e1s TIPs relacionadas <\/span><span style=\"font-weight: 400;\">con este mismo <\/span><a href=\"https:\/\/mentorday.es\/wikitips\/category\/desarrollo-del-negocio-estrategia\/\" target=\"_blank\" rel=\"noopener\"><strong>tema.<\/strong><\/a><\/li><li><span style=\"font-weight: 400;\">\ud83d\udcd6 <strong><span style=\"color: #009988;\">AMPLIA<\/span><\/strong> tus conocimientos descargando<strong><a href=\"https:\/\/mentorday.es\/ebook-internacionalizacion\/\" target=\"_blank\" rel=\"noopener\"> este EBOOK<\/a> y <a href=\"https:\/\/mentorday.es\/ebook\/crea-modelo-negocio-valida-ajusta-mercado\/\" target=\"_blank\" rel=\"noopener\">este EBOOK.<\/a><\/strong><\/span><\/li><\/ul><h4 style=\"text-align: center;\"><span style=\"color: #e94c81;\"><b>PIENSA EN TI<\/b><\/span><\/h4><ul><li><span style=\"font-weight: 400;\">\u200d\ud83d\ude80 <span style=\"color: #009988;\"><strong>IMPULSA<\/strong><\/span> tu empresa en el pr\u00f3ximo<\/span> <strong><span style=\"color: #009988;\"><a style=\"color: #009988;\" href=\"https:\/\/mentorday.es\/modelo-mentor-day\/\" target=\"_blank\" rel=\"noopener\">programa de aceleraci\u00f3n<\/a>,<\/span> <span style=\"color: #009988;\">\u00a1<a style=\"color: #009988;\" href=\"https:\/\/mentorday.es\/inscripcion\/\" target=\"_blank\" rel=\"noopener\">reserva tu plaza ya<\/a>!.<\/span><\/strong><\/li><li><span style=\"font-weight: 400;\">\ud83e\udd41 <span style=\"color: #009988;\"><strong>PRACTICA<\/strong><\/span> con tu proyecto en este webinar pr\u00e1ctico, <span style=\"color: #009988;\"><strong>\u00a1<\/strong><\/span><\/span><span style=\"color: #009988;\"><strong><a style=\"color: #009988;\" href=\"https:\/\/mentorday.es\/webinar\/\" target=\"_blank\" rel=\"noopener\">solicita tu plaza<\/a><\/strong><span style=\"font-weight: 400;\"><strong>!<\/strong>.<\/span><\/span><\/li><li><span style=\"font-weight: 400;\">\ud83c\udf10 <span style=\"color: #009988;\"><strong>CONTACTA<\/strong> <\/span>con otros emprendedores y empresas, <strong><span style=\"color: #009988;\">\u00a1<\/span><\/strong><\/span><strong><span style=\"color: #009988;\"><a style=\"color: #009988;\" href=\"https:\/\/mentorday.es\/networkingonline-para-emprendedores\/\" target=\"_blank\" rel=\"noopener\">inscr\u00edbete<\/a> y participa en el pr\u00f3ximo Networking!.<\/span><\/strong><\/li><\/ul><h4 style=\"text-align: center;\"><span style=\"color: #e94c81;\"><b>PIENSA EN AYUDAR A LOS DEM\u00c1S<\/b><\/span><\/h4><ul><li><span style=\"font-weight: 400;\">\ud83e\udd1d<span style=\"color: #009988;\"><strong>COLABORA<\/strong><\/span> como voluntario: <\/span><span style=\"color: #009988;\"><strong><a style=\"color: #009988;\" href=\"https:\/\/mentorday.es\/experto-especialista\/\" target=\"_blank\" rel=\"noopener\">experto<\/a>,<a style=\"color: #009988;\" href=\"https:\/\/mentorday.es\/programa-de-formacion-para-mentores\/\" target=\"_blank\" rel=\"noopener\"> mentor<\/a>,<a style=\"color: #009988;\" href=\"https:\/\/mentorday.es\/mentor-invierte\/\" target=\"_blank\" rel=\"noopener\"> inversor<\/a>,<a style=\"color: #009988;\" href=\"https:\/\/mentorday.es\/entregar-premio\/\" target=\"_blank\" rel=\"noopener\"> premiando<\/a>,<a style=\"color: #009988;\" href=\"https:\/\/mentorday.es\/conviertete-influencer-mentor-day\/\" target=\"_blank\" rel=\"noopener\"> difundiendo<\/a>,<a style=\"color: #009988;\" href=\"https:\/\/mentorday.es\/innovacion-abierta-para-tu-empresa\/\" target=\"_blank\" rel=\"noopener\"> retando<\/a>,<a style=\"color: #009988;\" href=\"https:\/\/mentorday.es\/innovacion-abierta-para-tu-empresa\/\" target=\"_blank\" rel=\"noopener\"> innovando<\/a>,<a style=\"color: #009988;\" href=\"http:\/\/mentorday.es\/wikitips\/crea-tu-tip\/\" target=\"_blank\" rel=\"noopener\"> creando una TIP<\/a>\u2026<\/strong><\/span><\/li><li><span style=\"font-weight: 400;\">\ud83d\udcac<\/span> <span style=\"font-weight: 400;\"><span style=\"color: #009988;\"><strong>RECOMIENDA<\/strong><\/span> este programa para que llegue a m\u00e1s emprendedores<\/span><span style=\"font-weight: 400;\"> por Google.<\/span><\/li><li><strong>\ud83d\udc49 <a href=\"https:\/\/survey.zohopublic.com\/zs\/YECsd8\" target=\"_blank\" rel=\"noopener\"><span style=\"color: #009988;\">\u00a1COMPARTE tu aprendizaje!.<\/span><\/a><\/strong><\/li><li style=\"text-align: left;\"><strong>\ud83d\udcf2 <span style=\"color: #009988;\">REENV\u00cdA<\/span><\/strong> esta TIP \ud83d\udc47<\/li><\/ul>\t\t\t\t\t\t\t\t<\/div>\n\t\t\t\t<\/div>\n\t\t\t\t\t<\/div>\n\t\t\t\t<\/div>\n\t\t\t\t<\/div>\n\t\t","protected":false},"excerpt":{"rendered":"<p>DigiON Canarias 2025 vuelve a Infecar los d\u00edas 2 y 3 de abril. Innovaci\u00f3n, digitalizaci\u00f3n y networking para empresas y emprendedores. \u00a1No te lo pierdas!<\/p>\n","protected":false},"author":6,"featured_media":109485,"comment_status":"open","ping_status":"open","sticky":false,"template":"","format":"standard","meta":{"footnotes":""},"categories":[1218],"tags":[1031,414,1020,1065,1032,417],"class_list":["post-109423","post","type-post","status-publish","format-standard","has-post-thumbnail","hentry","category-ayudas-y-subvenciones","tag-emprendedores","tag-financiacion-emprendedores","tag-financias","tag-innovacion","tag-negocio","tag-wikitip"],"_links":{"self":[{"href":"https:\/\/mentorday.es\/wikitips\/wp-json\/wp\/v2\/posts\/109423","targetHints":{"allow":["GET"]}}],"collection":[{"href":"https:\/\/mentorday.es\/wikitips\/wp-json\/wp\/v2\/posts"}],"about":[{"href":"https:\/\/mentorday.es\/wikitips\/wp-json\/wp\/v2\/types\/post"}],"author":[{"embeddable":true,"href":"https:\/\/mentorday.es\/wikitips\/wp-json\/wp\/v2\/users\/6"}],"replies":[{"embeddable":true,"href":"https:\/\/mentorday.es\/wikitips\/wp-json\/wp\/v2\/comments?post=109423"}],"version-history":[{"count":0,"href":"https:\/\/mentorday.es\/wikitips\/wp-json\/wp\/v2\/posts\/109423\/revisions"}],"wp:featuredmedia":[{"embeddable":true,"href":"https:\/\/mentorday.es\/wikitips\/wp-json\/wp\/v2\/media\/109485"}],"wp:attachment":[{"href":"https:\/\/mentorday.es\/wikitips\/wp-json\/wp\/v2\/media?parent=109423"}],"wp:term":[{"taxonomy":"category","embeddable":true,"href":"https:\/\/mentorday.es\/wikitips\/wp-json\/wp\/v2\/categories?post=109423"},{"taxonomy":"post_tag","embeddable":true,"href":"https:\/\/mentorday.es\/wikitips\/wp-json\/wp\/v2\/tags?post=109423"}],"curies":[{"name":"wp","href":"https:\/\/api.w.org\/{rel}","templated":true}]}}