


{"id":109452,"date":"2025-03-04T14:11:19","date_gmt":"2025-03-04T14:11:19","guid":{"rendered":"https:\/\/mentorday.es\/wikitips\/?p=109452"},"modified":"2025-10-07T11:26:04","modified_gmt":"2025-10-07T11:26:04","slug":"subvenciones-eficiencia-energetica-industria-extremadura","status":"publish","type":"post","link":"https:\/\/mentorday.es\/wikitips\/subvenciones-eficiencia-energetica-industria-extremadura\/","title":{"rendered":"Subvenciones para Proyectos de Ahorro y Eficiencia Energ\u00e9tica en la Industria Extreme\u00f1a"},"content":{"rendered":"\t\t<div data-elementor-type=\"wp-post\" data-elementor-id=\"109452\" class=\"elementor elementor-109452\" data-elementor-post-type=\"post\">\n\t\t\t\t\t\t<section class=\"elementor-section elementor-top-section elementor-element elementor-element-6c98dde5 elementor-section-boxed elementor-section-height-default elementor-section-height-default\" data-id=\"6c98dde5\" data-element_type=\"section\">\n\t\t\t\t\t\t<div class=\"elementor-container elementor-column-gap-default\">\n\t\t\t\t\t<div class=\"elementor-column elementor-col-100 elementor-top-column elementor-element elementor-element-1076a75a\" data-id=\"1076a75a\" data-element_type=\"column\">\n\t\t\t<div class=\"elementor-widget-wrap elementor-element-populated\">\n\t\t\t\t\t\t<div class=\"elementor-element elementor-element-423817e elementor-toc--minimized-on-tablet elementor-widget elementor-widget-table-of-contents\" data-id=\"423817e\" data-element_type=\"widget\" data-settings=\"{&quot;headings_by_tags&quot;:[&quot;h2&quot;,&quot;h3&quot;],&quot;exclude_headings_by_selector&quot;:[],&quot;marker_view&quot;:&quot;numbers&quot;,&quot;no_headings_message&quot;:&quot;No se ha encontrado ning\\u00fan encabezado en esta p\\u00e1gina.&quot;,&quot;minimize_box&quot;:&quot;yes&quot;,&quot;minimized_on&quot;:&quot;tablet&quot;,&quot;hierarchical_view&quot;:&quot;yes&quot;,&quot;min_height&quot;:{&quot;unit&quot;:&quot;px&quot;,&quot;size&quot;:&quot;&quot;,&quot;sizes&quot;:[]},&quot;min_height_tablet&quot;:{&quot;unit&quot;:&quot;px&quot;,&quot;size&quot;:&quot;&quot;,&quot;sizes&quot;:[]},&quot;min_height_mobile&quot;:{&quot;unit&quot;:&quot;px&quot;,&quot;size&quot;:&quot;&quot;,&quot;sizes&quot;:[]}}\" data-widget_type=\"table-of-contents.default\">\n\t\t\t\t<div class=\"elementor-widget-container\">\n\t\t\t\t\t\t\t\t\t<div class=\"elementor-toc__header\">\n\t\t\t\t\t\t<h4 class=\"elementor-toc__header-title\">\n\t\t\t\tTabla de contenidos\t\t\t<\/h4>\n\t\t\t\t\t\t\t\t\t\t<div class=\"elementor-toc__toggle-button elementor-toc__toggle-button--expand\" role=\"button\" tabindex=\"0\" aria-controls=\"elementor-toc__423817e\" aria-expanded=\"true\" aria-label=\"Abrir la tabla de contenidos\"><i aria-hidden=\"true\" class=\"fas fa-chevron-down\"><\/i><\/div>\n\t\t\t\t<div class=\"elementor-toc__toggle-button elementor-toc__toggle-button--collapse\" role=\"button\" tabindex=\"0\" aria-controls=\"elementor-toc__423817e\" aria-expanded=\"true\" aria-label=\"Cerrar la tabla de contenidos\"><i aria-hidden=\"true\" class=\"fas fa-chevron-up\"><\/i><\/div>\n\t\t\t\t\t<\/div>\n\t\t\t\t<div id=\"elementor-toc__423817e\" class=\"elementor-toc__body\">\n\t\t\t<div class=\"elementor-toc__spinner-container\">\n\t\t\t\t<i class=\"elementor-toc__spinner eicon-animation-spin eicon-loading\" aria-hidden=\"true\"><\/i>\t\t\t<\/div>\n\t\t<\/div>\n\t\t\t\t\t\t<\/div>\n\t\t\t\t<\/div>\n\t\t\t\t<div class=\"elementor-element elementor-element-c788918 elementor-widget elementor-widget-text-editor\" data-id=\"c788918\" data-element_type=\"widget\" data-widget_type=\"text-editor.default\">\n\t\t\t\t<div class=\"elementor-widget-container\">\n\t\t\t\t\t\t\t\t\t<h1 data-start=\"0\" data-end=\"98\"><strong data-start=\"5\" data-end=\"96\">Subvenciones para Proyectos de Ahorro y Eficiencia Energ\u00e9tica en la Industria Extreme\u00f1a<\/strong><\/h1><h2 data-start=\"100\" data-end=\"153\">\u26a1 Optimiza tu Consumo Energ\u00e9tico y Reduce Costes<\/h2><p data-start=\"155\" data-end=\"388\">Si tienes una empresa del <strong data-start=\"181\" data-end=\"217\">sector industrial en Extremadura<\/strong>, esta convocatoria de <strong data-start=\"240\" data-end=\"292\">ayudas para el ahorro y la eficiencia energ\u00e9tica<\/strong>, cofinanciada por el <strong data-start=\"314\" data-end=\"323\">FEDER<\/strong>, puede ser clave para mejorar la competitividad de tu negocio.<\/p><p data-start=\"390\" data-end=\"670\">Estas subvenciones permiten <strong data-start=\"418\" data-end=\"534\">financiar proyectos que optimicen el consumo energ\u00e9tico, reduzcan el impacto ambiental y mejoren la rentabilidad<\/strong>. En esta gu\u00eda, te explicamos <strong data-start=\"564\" data-end=\"667\">c\u00f3mo acceder a la ayuda, los requisitos, los pasos de solicitud y consejos para obtenerla con \u00e9xito<\/strong>.<\/p><p data-start=\"672\" data-end=\"731\">\ud83d\udcc5 <strong data-start=\"675\" data-end=\"728\">Solicitudes abiertas hasta el 30 de junio de 2025<\/strong>.<\/p><hr data-start=\"733\" data-end=\"738\" \/><h3 data-start=\"740\" data-end=\"787\">\ud83d\udca1 <strong data-start=\"747\" data-end=\"785\">1. \u00bfEn Qu\u00e9 Consisten Estas Ayudas?<\/strong><\/h3><p data-start=\"789\" data-end=\"972\">El programa de <strong data-start=\"804\" data-end=\"856\">subvenciones para ahorro y eficiencia energ\u00e9tica<\/strong> est\u00e1 dirigido a empresas industriales que deseen <strong data-start=\"906\" data-end=\"969\">implementar mejoras energ\u00e9ticas en sus procesos productivos<\/strong>.<\/p><p data-start=\"974\" data-end=\"1265\">\u2705 <strong data-start=\"976\" data-end=\"997\">Beneficios clave:<\/strong><br data-start=\"997\" data-end=\"1000\" \/>\u2714\ufe0f Reducci\u00f3n del consumo energ\u00e9tico y de los costes operativos.<br data-start=\"1063\" data-end=\"1066\" \/>\u2714\ufe0f Mejora en la eficiencia de procesos industriales.<br data-start=\"1118\" data-end=\"1121\" \/>\u2714\ufe0f Financiaci\u00f3n para renovar equipos y tecnolog\u00edas energ\u00e9ticas.<br data-start=\"1184\" data-end=\"1187\" \/>\u2714\ufe0f Menor impacto ambiental y alineaci\u00f3n con los objetivos de sostenibilidad.<\/p><p data-start=\"1267\" data-end=\"1557\">\ud83d\udd39 <strong data-start=\"1270\" data-end=\"1297\">Gastos subvencionables:<\/strong><br data-start=\"1297\" data-end=\"1300\" \/>\u2714\ufe0f Sustituci\u00f3n de equipos por otros de alta eficiencia energ\u00e9tica.<br data-start=\"1366\" data-end=\"1369\" \/>\u2714\ufe0f Implantaci\u00f3n de sistemas de gesti\u00f3n energ\u00e9tica avanzados.<br data-start=\"1429\" data-end=\"1432\" \/>\u2714\ufe0f Mejoras en la eficiencia de procesos industriales.<br data-start=\"1485\" data-end=\"1488\" \/>\u2714\ufe0f Inversiones en energ\u00edas renovables dentro del sector industrial.<\/p><p data-start=\"1559\" data-end=\"1690\">\ud83d\udce2 <strong data-start=\"1562\" data-end=\"1577\">Importante:<\/strong> Solo se financian proyectos que <strong data-start=\"1610\" data-end=\"1687\">demuestren un ahorro energ\u00e9tico significativo y sean viables t\u00e9cnicamente<\/strong>.<\/p><hr data-start=\"1692\" data-end=\"1697\" \/><h3 data-start=\"1699\" data-end=\"1751\">\ud83c\udfed <strong data-start=\"1706\" data-end=\"1749\">2. \u00bfQui\u00e9n Puede Solicitar Estas Ayudas?<\/strong><\/h3><p data-start=\"1753\" data-end=\"1923\">Las subvenciones est\u00e1n dirigidas a empresas del <strong data-start=\"1801\" data-end=\"1822\">sector industrial<\/strong> que operen en <strong data-start=\"1837\" data-end=\"1852\">Extremadura<\/strong> y que busquen mejorar la eficiencia energ\u00e9tica en sus instalaciones.<\/p><p data-start=\"1925\" data-end=\"2213\">\ud83d\udd0d <strong data-start=\"1928\" data-end=\"1955\">Requisitos principales:<\/strong><br data-start=\"1955\" data-end=\"1958\" \/>\u2705 Tener sede fiscal o actividad econ\u00f3mica en Extremadura.<br data-start=\"2015\" data-end=\"2018\" \/>\u2705 Desarrollar actividades dentro del sector industrial.<br data-start=\"2073\" data-end=\"2076\" \/>\u2705 Presentar un proyecto que contemple mejoras en ahorro energ\u00e9tico.<br data-start=\"2143\" data-end=\"2146\" \/>\u2705 Cumplir con los requisitos t\u00e9cnicos y administrativos exigidos.<\/p><p data-start=\"2215\" data-end=\"2436\">\ud83d\udccc <strong data-start=\"2218\" data-end=\"2234\">Exclusiones:<\/strong><br data-start=\"2234\" data-end=\"2237\" \/>\u274c Empresas que no pertenezcan al sector industrial.<br data-start=\"2288\" data-end=\"2291\" \/>\u274c Proyectos que no cumplan con los criterios m\u00ednimos de eficiencia.<br data-start=\"2358\" data-end=\"2361\" \/>\u274c Empresas que no est\u00e9n al d\u00eda con sus obligaciones fiscales o laborales.<\/p><hr data-start=\"2438\" data-end=\"2443\" \/><h3 data-start=\"2445\" data-end=\"2500\">\ud83d\udcd1 <strong data-start=\"2452\" data-end=\"2498\">3. C\u00f3mo Presentar la Solicitud Paso a Paso<\/strong><\/h3><p data-start=\"2502\" data-end=\"2587\">Si tu empresa cumple con los requisitos, sigue estos pasos para solicitar la ayuda:<\/p><p data-start=\"2589\" data-end=\"2633\">\ud83d\udcdd <strong data-start=\"2592\" data-end=\"2631\">Paso 1: Revisi\u00f3n de la Convocatoria<\/strong><\/p><ul data-start=\"2634\" data-end=\"2775\"><li data-start=\"2634\" data-end=\"2705\">Consulta las bases oficiales en la web del Gobierno de Extremadura.<\/li><li data-start=\"2706\" data-end=\"2775\">Verifica que tu empresa y tu proyecto cumplen con los requisitos.<\/li><\/ul><p data-start=\"2777\" data-end=\"2825\">\ud83d\udcc2 <strong data-start=\"2780\" data-end=\"2823\">Paso 2: Preparaci\u00f3n de la Documentaci\u00f3n<\/strong><\/p><ul data-start=\"2826\" data-end=\"3029\"><li data-start=\"2826\" data-end=\"2877\">Datos fiscales y administrativos de la empresa.<\/li><li data-start=\"2878\" data-end=\"2936\">Memoria t\u00e9cnica del proyecto de eficiencia energ\u00e9tica.<\/li><li data-start=\"2937\" data-end=\"2979\">Presupuesto detallado de la inversi\u00f3n.<\/li><li data-start=\"2980\" data-end=\"3029\">Justificaci\u00f3n del ahorro energ\u00e9tico previsto.<\/li><\/ul><p data-start=\"3031\" data-end=\"3076\">\ud83d\udcbb <strong data-start=\"3034\" data-end=\"3074\">Paso 3: Presentaci\u00f3n de la Solicitud<\/strong><\/p><ul data-start=\"3077\" data-end=\"3273\"><li data-start=\"3077\" data-end=\"3143\">Accede a la plataforma oficial de presentaci\u00f3n de solicitudes.<\/li><li data-start=\"3144\" data-end=\"3208\">Completa el formulario y adjunta la documentaci\u00f3n requerida.<\/li><li data-start=\"3209\" data-end=\"3273\">Revisa la informaci\u00f3n antes de enviarla para evitar errores.<\/li><\/ul><p data-start=\"3275\" data-end=\"3316\">\ud83d\udd0e <strong data-start=\"3278\" data-end=\"3314\">Paso 4: Seguimiento y Resoluci\u00f3n<\/strong><\/p><ul data-start=\"3317\" data-end=\"3535\"><li data-start=\"3317\" data-end=\"3374\">Consulta el estado de tu solicitud en la web oficial.<\/li><li data-start=\"3375\" data-end=\"3454\">Si se requiere informaci\u00f3n adicional, resp\u00f3ndela dentro del plazo indicado.<\/li><li data-start=\"3455\" data-end=\"3535\">Si la subvenci\u00f3n es concedida, sigue los pasos para justificar la inversi\u00f3n.<\/li><\/ul><p data-start=\"3537\" data-end=\"3595\">\ud83d\udce2 <strong data-start=\"3540\" data-end=\"3592\">Plazo de solicitud: hasta el 30 de junio de 2025<\/strong>.<\/p><hr data-start=\"3597\" data-end=\"3602\" \/><h3 data-start=\"3604\" data-end=\"3669\">\ud83d\ude80 <strong data-start=\"3611\" data-end=\"3667\">4. Consejos para Aumentar tus Posibilidades de \u00c9xito<\/strong><\/h3><p data-start=\"3671\" data-end=\"3811\">\ud83d\udcca <strong data-start=\"3674\" data-end=\"3706\">Presenta un proyecto s\u00f3lido:<\/strong> Cuanto m\u00e1s detallado y fundamentado est\u00e9 tu plan, mayores ser\u00e1n las posibilidades de obtener la ayuda.<\/p><p data-start=\"3813\" data-end=\"3926\">\ud83d\udcb0 <strong data-start=\"3816\" data-end=\"3863\">Calcula correctamente el ahorro energ\u00e9tico:<\/strong> Es clave demostrar un impacto real en el consumo de energ\u00eda.<\/p><p data-start=\"3928\" data-end=\"4056\">\u23f3 <strong data-start=\"3930\" data-end=\"3963\">Solicita la ayuda con tiempo:<\/strong> No esperes al \u00faltimo momento, ya que pueden requerir correcciones o informaci\u00f3n adicional.<\/p><p data-start=\"4058\" data-end=\"4205\">\ud83d\udcde <strong data-start=\"4061\" data-end=\"4091\">Ases\u00f3rate si tienes dudas:<\/strong> Consulta con especialistas en eficiencia energ\u00e9tica o con organismos como la C\u00e1mara de Comercio de Extremadura.<\/p><p data-start=\"4207\" data-end=\"4335\">\u267b\ufe0f <strong data-start=\"4210\" data-end=\"4267\">Alinea tu proyecto con estrategias de sostenibilidad:<\/strong> Esto puede ser un punto a favor en la evaluaci\u00f3n de la solicitud.<\/p><hr data-start=\"4337\" data-end=\"4342\" \/><h2 data-start=\"4344\" data-end=\"4419\">\ud83c\udf31 <strong data-start=\"4350\" data-end=\"4417\">Aprovecha esta Oportunidad para Optimizar tu Consumo Energ\u00e9tico<\/strong><\/h2><p data-start=\"4421\" data-end=\"4564\">Esta convocatoria es una excelente oportunidad para <strong data-start=\"4473\" data-end=\"4561\">mejorar la eficiencia de tu empresa, reducir costes y contribuir a la sostenibilidad<\/strong>.<\/p><p data-start=\"4566\" data-end=\"4713\" data-is-last-node=\"\" data-is-only-node=\"\">Si tu empresa est\u00e1 en el sector industrial y quieres optimizar tu consumo energ\u00e9tico, \u00a1<strong data-start=\"4653\" data-end=\"4709\">presenta tu solicitud antes del 30 de junio de 2025!<\/strong> \u26a1\ud83d\udcbc<\/p><h3 data-start=\"0\" data-end=\"46\"><strong data-start=\"7\" data-end=\"44\">Preguntas y Opciones de Respuesta<\/strong><\/h3><h4 data-start=\"48\" data-end=\"112\"><strong data-start=\"53\" data-end=\"110\">1. \u00bfCu\u00e1l es el objetivo principal de esta subvenci\u00f3n?<\/strong><\/h4><p data-start=\"113\" data-end=\"389\">A) Financiar la contrataci\u00f3n de nuevos empleados en la industria.<br data-start=\"178\" data-end=\"181\" \/>B) Apoyar proyectos de ahorro y eficiencia energ\u00e9tica en el sector industrial.<br data-start=\"259\" data-end=\"262\" \/>C) Subvencionar la apertura de nuevas f\u00e1bricas en Extremadura.<br data-start=\"324\" data-end=\"327\" \/>D) Financiar campa\u00f1as de marketing en empresas industriales.<\/p><h4 data-start=\"391\" data-end=\"459\"><strong data-start=\"396\" data-end=\"457\">2. \u00bfQu\u00e9 tipo de proyectos pueden recibir esta subvenci\u00f3n?<\/strong><\/h4><p data-start=\"460\" data-end=\"660\">A) Sustituci\u00f3n de equipos por otros de alta eficiencia energ\u00e9tica.<br data-start=\"526\" data-end=\"529\" \/>B) Renovaci\u00f3n de la imagen corporativa de la empresa.<br data-start=\"582\" data-end=\"585\" \/>C) Publicidad en redes sociales.<br data-start=\"617\" data-end=\"620\" \/>D) Compra de mobiliario para oficinas.<\/p><h4 data-start=\"662\" data-end=\"742\"><strong data-start=\"667\" data-end=\"740\">3. \u00bfQu\u00e9 requisito debe cumplir una empresa para solicitar esta ayuda?<\/strong><\/h4><p data-start=\"743\" data-end=\"980\">A) Operar en cualquier comunidad aut\u00f3noma de Espa\u00f1a.<br data-start=\"795\" data-end=\"798\" \/>B) Tener sede fiscal o actividad en Extremadura y pertenecer al sector industrial.<br data-start=\"880\" data-end=\"883\" \/>C) Ser una empresa multinacional con actividad en Europa.<br data-start=\"940\" data-end=\"943\" \/>D) No tener empleados en plantilla.<\/p><h4 data-start=\"982\" data-end=\"1049\"><strong data-start=\"987\" data-end=\"1047\">4. \u00bfCu\u00e1l es la fecha l\u00edmite para presentar la solicitud?<\/strong><\/h4><p data-start=\"1050\" data-end=\"1157\">A) 31 de diciembre de 2024.<br data-start=\"1077\" data-end=\"1080\" \/>B) 30 de junio de 2025.<br data-start=\"1103\" data-end=\"1106\" \/>C) 31 de marzo de 2025.<br data-start=\"1129\" data-end=\"1132\" \/>D) No hay fecha l\u00edmite.<\/p><h4 data-start=\"1159\" data-end=\"1230\"><strong data-start=\"1164\" data-end=\"1228\">5. \u00bfQu\u00e9 se recomienda hacer antes de presentar la solicitud?<\/strong><\/h4><p data-start=\"1231\" data-end=\"1502\">A) Presentarla sin revisar la documentaci\u00f3n para ganar tiempo.<br data-start=\"1293\" data-end=\"1296\" \/>B) Consultar la convocatoria, preparar la documentaci\u00f3n y calcular el ahorro energ\u00e9tico.<br data-start=\"1384\" data-end=\"1387\" \/>C) Esperar hasta el \u00faltimo momento para enviarla.<br data-start=\"1436\" data-end=\"1439\" \/>D) No preocuparse por la justificaci\u00f3n del ahorro energ\u00e9tico.<\/p><hr data-start=\"1504\" data-end=\"1507\" \/><h3 data-start=\"1509\" data-end=\"1541\">\u2705 <strong data-start=\"1515\" data-end=\"1539\">Respuestas Correctas<\/strong><\/h3><p data-start=\"1543\" data-end=\"1934\" data-is-last-node=\"\" data-is-only-node=\"\">1\ufe0f\u20e3 <strong data-start=\"1547\" data-end=\"1629\">B) Apoyar proyectos de ahorro y eficiencia energ\u00e9tica en el sector industrial.<\/strong><br data-start=\"1629\" data-end=\"1632\" \/>2\ufe0f\u20e3 <strong data-start=\"1636\" data-end=\"1706\">A) Sustituci\u00f3n de equipos por otros de alta eficiencia energ\u00e9tica.<\/strong><br data-start=\"1706\" data-end=\"1709\" \/>3\ufe0f\u20e3 <strong data-start=\"1713\" data-end=\"1799\">B) Tener sede fiscal o actividad en Extremadura y pertenecer al sector industrial.<\/strong><br data-start=\"1799\" data-end=\"1802\" \/>4\ufe0f\u20e3 <strong data-start=\"1806\" data-end=\"1833\">B) 30 de junio de 2025.<\/strong><br data-start=\"1833\" data-end=\"1836\" \/>5\ufe0f\u20e3 <strong data-start=\"1840\" data-end=\"1932\">B) Consultar la convocatoria, preparar la documentaci\u00f3n y calcular el ahorro energ\u00e9tico.<\/strong><\/p>\t\t\t\t\t\t\t\t<\/div>\n\t\t\t\t<\/div>\n\t\t\t\t\t<\/div>\n\t\t<\/div>\n\t\t\t\t\t<\/div>\n\t\t<\/section>\n\t\t<div class=\"elementor-element elementor-element-5533d49 e-con-full e-flex e-con e-parent\" data-id=\"5533d49\" data-element_type=\"container\">\n\t\t\t\t<div class=\"elementor-element elementor-element-8340b30 elementor-widget elementor-widget-text-editor\" data-id=\"8340b30\" data-element_type=\"widget\" data-widget_type=\"text-editor.default\">\n\t\t\t\t<div class=\"elementor-widget-container\">\n\t\t\t\t\t\t\t\t\t<h4 style=\"text-align: center;\"><span style=\"color: #e94c81;\"><strong>APLICA ESTE TIP EN TU PROYECTO<\/strong><\/span><\/h4>\t\t\t\t\t\t\t\t<\/div>\n\t\t\t\t<\/div>\n\t\t\t\t<\/div>\n\t\t<div class=\"elementor-element elementor-element-8f4952d e-flex e-con-boxed e-con e-parent\" data-id=\"8f4952d\" data-element_type=\"container\">\n\t\t\t\t\t<div class=\"e-con-inner\">\n\t\t\t\t<div class=\"elementor-element elementor-element-6e88adf elementor-widget elementor-widget-text-editor\" data-id=\"6e88adf\" data-element_type=\"widget\" data-widget_type=\"text-editor.default\">\n\t\t\t\t<div class=\"elementor-widget-container\">\n\t\t\t\t\t\t\t\t\t<ul><li><span style=\"font-weight: 400;\">\ud83d\udcbb <\/span><strong><span style=\"color: #009988;\">PRACTICA<\/span><\/strong><span style=\"font-weight: 400;\"> con un experto en <\/span><strong><span style=\"color: #009988;\"><a style=\"color: #009988;\" href=\"https:\/\/mentorday.es\/revision-modelo-negocio-lean-canvas\/\" target=\"_blank\" rel=\"noopener\">el pr\u00f3ximo webinar pr\u00e1ctico.<\/a><\/span><\/strong><\/li><li><span style=\"font-weight: 400;\">\ud83d\udd0e <\/span><span style=\"font-weight: 400;\"><strong><span style=\"color: #009988;\">CONSULTA<\/span><\/strong> m\u00e1s TIPs relacionadas <\/span><span style=\"font-weight: 400;\">con este mismo <\/span><a href=\"https:\/\/mentorday.es\/wikitips\/category\/desarrollo-del-negocio-estrategia\/\" target=\"_blank\" rel=\"noopener\"><strong>tema.<\/strong><\/a><\/li><li><span style=\"font-weight: 400;\">\ud83d\udcd6 <strong><span style=\"color: #009988;\">AMPLIA<\/span><\/strong> tus conocimientos descargando<strong><a href=\"https:\/\/mentorday.es\/ebook-internacionalizacion\/\" target=\"_blank\" rel=\"noopener\"> este EBOOK<\/a> y <a href=\"https:\/\/mentorday.es\/ebook\/crea-modelo-negocio-valida-ajusta-mercado\/\" target=\"_blank\" rel=\"noopener\">este EBOOK.<\/a><\/strong><\/span><\/li><\/ul><h4 style=\"text-align: center;\"><span style=\"color: #e94c81;\"><b>PIENSA EN TI<\/b><\/span><\/h4><ul><li><span style=\"font-weight: 400;\">\u200d\ud83d\ude80 <span style=\"color: #009988;\"><strong>IMPULSA<\/strong><\/span> tu empresa en el pr\u00f3ximo<\/span> <strong><span style=\"color: #009988;\"><a style=\"color: #009988;\" href=\"https:\/\/mentorday.es\/modelo-mentor-day\/\" target=\"_blank\" rel=\"noopener\">programa de aceleraci\u00f3n<\/a>,<\/span> <span style=\"color: #009988;\">\u00a1<a style=\"color: #009988;\" href=\"https:\/\/mentorday.es\/inscripcion\/\" target=\"_blank\" rel=\"noopener\">reserva tu plaza ya<\/a>!.<\/span><\/strong><\/li><li><span style=\"font-weight: 400;\">\ud83e\udd41 <span style=\"color: #009988;\"><strong>PRACTICA<\/strong><\/span> con tu proyecto en este webinar pr\u00e1ctico, <span style=\"color: #009988;\"><strong>\u00a1<\/strong><\/span><\/span><span style=\"color: #009988;\"><strong><a style=\"color: #009988;\" href=\"https:\/\/mentorday.es\/webinar\/\" target=\"_blank\" rel=\"noopener\">solicita tu plaza<\/a><\/strong><span style=\"font-weight: 400;\"><strong>!<\/strong>.<\/span><\/span><\/li><li><span style=\"font-weight: 400;\">\ud83c\udf10 <span style=\"color: #009988;\"><strong>CONTACTA<\/strong> <\/span>con otros emprendedores y empresas, <strong><span style=\"color: #009988;\">\u00a1<\/span><\/strong><\/span><strong><span style=\"color: #009988;\"><a style=\"color: #009988;\" href=\"https:\/\/mentorday.es\/networkingonline-para-emprendedores\/\" target=\"_blank\" rel=\"noopener\">inscr\u00edbete<\/a> y participa en el pr\u00f3ximo Networking!.<\/span><\/strong><\/li><\/ul><h4 style=\"text-align: center;\"><span style=\"color: #e94c81;\"><b>PIENSA EN AYUDAR A LOS DEM\u00c1S<\/b><\/span><\/h4><ul><li><span style=\"font-weight: 400;\">\ud83e\udd1d<span style=\"color: #009988;\"><strong>COLABORA<\/strong><\/span> como voluntario: <\/span><span style=\"color: #009988;\"><strong><a style=\"color: #009988;\" href=\"https:\/\/mentorday.es\/experto-especialista\/\" target=\"_blank\" rel=\"noopener\">experto<\/a>,<a style=\"color: #009988;\" href=\"https:\/\/mentorday.es\/programa-de-formacion-para-mentores\/\" target=\"_blank\" rel=\"noopener\"> mentor<\/a>,<a style=\"color: #009988;\" href=\"https:\/\/mentorday.es\/mentor-invierte\/\" target=\"_blank\" rel=\"noopener\"> inversor<\/a>,<a style=\"color: #009988;\" href=\"https:\/\/mentorday.es\/entregar-premio\/\" target=\"_blank\" rel=\"noopener\"> premiando<\/a>,<a style=\"color: #009988;\" href=\"https:\/\/mentorday.es\/conviertete-influencer-mentor-day\/\" target=\"_blank\" rel=\"noopener\"> difundiendo<\/a>,<a style=\"color: #009988;\" href=\"https:\/\/mentorday.es\/innovacion-abierta-para-tu-empresa\/\" target=\"_blank\" rel=\"noopener\"> retando<\/a>,<a style=\"color: #009988;\" href=\"https:\/\/mentorday.es\/innovacion-abierta-para-tu-empresa\/\" target=\"_blank\" rel=\"noopener\"> innovando<\/a>,<a style=\"color: #009988;\" href=\"http:\/\/mentorday.es\/wikitips\/crea-tu-tip\/\" target=\"_blank\" rel=\"noopener\"> creando una TIP<\/a>\u2026<\/strong><\/span><\/li><li><span style=\"font-weight: 400;\">\ud83d\udcac<\/span> <span style=\"font-weight: 400;\"><span style=\"color: #009988;\"><strong>RECOMIENDA<\/strong><\/span> este programa para que llegue a m\u00e1s emprendedores<\/span><span style=\"font-weight: 400;\"> por Google.<\/span><\/li><li><strong>\ud83d\udc49 <a href=\"https:\/\/survey.zohopublic.com\/zs\/YECsd8\" target=\"_blank\" rel=\"noopener\"><span style=\"color: #009988;\">\u00a1COMPARTE tu aprendizaje!.<\/span><\/a><\/strong><\/li><li style=\"text-align: left;\"><strong>\ud83d\udcf2 <span style=\"color: #009988;\">REENV\u00cdA<\/span><\/strong> esta TIP \ud83d\udc47<\/li><\/ul>\t\t\t\t\t\t\t\t<\/div>\n\t\t\t\t<\/div>\n\t\t\t\t\t<\/div>\n\t\t\t\t<\/div>\n\t\t\t\t<\/div>\n\t\t","protected":false},"excerpt":{"rendered":"<p>Darse de alta como aut\u00f3nomo por d\u00edas es posible en Espa\u00f1a, pero tiene l\u00edmites. Descubre c\u00f3mo hacerlo y si realmente merece la pena esta opci\u00f3n.<\/p>\n","protected":false},"author":6,"featured_media":109494,"comment_status":"open","ping_status":"open","sticky":false,"template":"","format":"standard","meta":{"footnotes":""},"categories":[1218],"tags":[1031,414,1020,1065,1032,417],"class_list":["post-109452","post","type-post","status-publish","format-standard","has-post-thumbnail","hentry","category-ayudas-y-subvenciones","tag-emprendedores","tag-financiacion-emprendedores","tag-financias","tag-innovacion","tag-negocio","tag-wikitip"],"_links":{"self":[{"href":"https:\/\/mentorday.es\/wikitips\/wp-json\/wp\/v2\/posts\/109452","targetHints":{"allow":["GET"]}}],"collection":[{"href":"https:\/\/mentorday.es\/wikitips\/wp-json\/wp\/v2\/posts"}],"about":[{"href":"https:\/\/mentorday.es\/wikitips\/wp-json\/wp\/v2\/types\/post"}],"author":[{"embeddable":true,"href":"https:\/\/mentorday.es\/wikitips\/wp-json\/wp\/v2\/users\/6"}],"replies":[{"embeddable":true,"href":"https:\/\/mentorday.es\/wikitips\/wp-json\/wp\/v2\/comments?post=109452"}],"version-history":[{"count":0,"href":"https:\/\/mentorday.es\/wikitips\/wp-json\/wp\/v2\/posts\/109452\/revisions"}],"wp:featuredmedia":[{"embeddable":true,"href":"https:\/\/mentorday.es\/wikitips\/wp-json\/wp\/v2\/media\/109494"}],"wp:attachment":[{"href":"https:\/\/mentorday.es\/wikitips\/wp-json\/wp\/v2\/media?parent=109452"}],"wp:term":[{"taxonomy":"category","embeddable":true,"href":"https:\/\/mentorday.es\/wikitips\/wp-json\/wp\/v2\/categories?post=109452"},{"taxonomy":"post_tag","embeddable":true,"href":"https:\/\/mentorday.es\/wikitips\/wp-json\/wp\/v2\/tags?post=109452"}],"curies":[{"name":"wp","href":"https:\/\/api.w.org\/{rel}","templated":true}]}}