


{"id":109484,"date":"2025-03-04T13:55:00","date_gmt":"2025-03-04T13:55:00","guid":{"rendered":"https:\/\/mentorday.es\/wikitips\/?p=109484"},"modified":"2025-10-07T11:26:07","modified_gmt":"2025-10-07T11:26:07","slug":"subvenciones-eventos-internacionales-extremadura","status":"publish","type":"post","link":"https:\/\/mentorday.es\/wikitips\/subvenciones-eventos-internacionales-extremadura\/","title":{"rendered":"Subvenciones para Empresas Extreme\u00f1as: Participa en Ferias Internacionales con Apoyo Financiero"},"content":{"rendered":"\t\t<div data-elementor-type=\"wp-post\" data-elementor-id=\"109484\" class=\"elementor elementor-109484\" data-elementor-post-type=\"post\">\n\t\t\t\t\t\t<section class=\"elementor-section elementor-top-section elementor-element elementor-element-6c98dde5 elementor-section-boxed elementor-section-height-default elementor-section-height-default\" data-id=\"6c98dde5\" data-element_type=\"section\">\n\t\t\t\t\t\t<div class=\"elementor-container elementor-column-gap-default\">\n\t\t\t\t\t<div class=\"elementor-column elementor-col-100 elementor-top-column elementor-element elementor-element-1076a75a\" data-id=\"1076a75a\" data-element_type=\"column\">\n\t\t\t<div class=\"elementor-widget-wrap elementor-element-populated\">\n\t\t\t\t\t\t<div class=\"elementor-element elementor-element-423817e elementor-toc--minimized-on-tablet elementor-widget elementor-widget-table-of-contents\" data-id=\"423817e\" data-element_type=\"widget\" data-settings=\"{&quot;headings_by_tags&quot;:[&quot;h2&quot;,&quot;h3&quot;],&quot;exclude_headings_by_selector&quot;:[],&quot;marker_view&quot;:&quot;numbers&quot;,&quot;no_headings_message&quot;:&quot;No se ha encontrado ning\\u00fan encabezado en esta p\\u00e1gina.&quot;,&quot;minimize_box&quot;:&quot;yes&quot;,&quot;minimized_on&quot;:&quot;tablet&quot;,&quot;hierarchical_view&quot;:&quot;yes&quot;,&quot;min_height&quot;:{&quot;unit&quot;:&quot;px&quot;,&quot;size&quot;:&quot;&quot;,&quot;sizes&quot;:[]},&quot;min_height_tablet&quot;:{&quot;unit&quot;:&quot;px&quot;,&quot;size&quot;:&quot;&quot;,&quot;sizes&quot;:[]},&quot;min_height_mobile&quot;:{&quot;unit&quot;:&quot;px&quot;,&quot;size&quot;:&quot;&quot;,&quot;sizes&quot;:[]}}\" data-widget_type=\"table-of-contents.default\">\n\t\t\t\t<div class=\"elementor-widget-container\">\n\t\t\t\t\t\t\t\t\t<div class=\"elementor-toc__header\">\n\t\t\t\t\t\t<h4 class=\"elementor-toc__header-title\">\n\t\t\t\tTabla de contenidos\t\t\t<\/h4>\n\t\t\t\t\t\t\t\t\t\t<div class=\"elementor-toc__toggle-button elementor-toc__toggle-button--expand\" role=\"button\" tabindex=\"0\" aria-controls=\"elementor-toc__423817e\" aria-expanded=\"true\" aria-label=\"Abrir la tabla de contenidos\"><i aria-hidden=\"true\" class=\"fas fa-chevron-down\"><\/i><\/div>\n\t\t\t\t<div class=\"elementor-toc__toggle-button elementor-toc__toggle-button--collapse\" role=\"button\" tabindex=\"0\" aria-controls=\"elementor-toc__423817e\" aria-expanded=\"true\" aria-label=\"Cerrar la tabla de contenidos\"><i aria-hidden=\"true\" class=\"fas fa-chevron-up\"><\/i><\/div>\n\t\t\t\t\t<\/div>\n\t\t\t\t<div id=\"elementor-toc__423817e\" class=\"elementor-toc__body\">\n\t\t\t<div class=\"elementor-toc__spinner-container\">\n\t\t\t\t<i class=\"elementor-toc__spinner eicon-animation-spin eicon-loading\" aria-hidden=\"true\"><\/i>\t\t\t<\/div>\n\t\t<\/div>\n\t\t\t\t\t\t<\/div>\n\t\t\t\t<\/div>\n\t\t\t\t<div class=\"elementor-element elementor-element-546fea5a elementor-widget__width-initial elementor-widget elementor-widget-text-editor\" data-id=\"546fea5a\" data-element_type=\"widget\" data-widget_type=\"text-editor.default\">\n\t\t\t\t<div class=\"elementor-widget-container\">\n\t\t\t\t\t\t\t\t\t<h1 data-start=\"0\" data-end=\"94\"><strong data-start=\"5\" data-end=\"92\">C\u00f3mo Obtener Subvenciones para Participar en Eventos Internacionales en Extremadura<\/strong><\/h1><h2 data-start=\"96\" data-end=\"152\">Impulsa la Expansi\u00f3n Internacional de tu Empresa<\/h2><p data-start=\"154\" data-end=\"512\">Las empresas de la Comunidad Aut\u00f3noma de Extremadura tienen una gran oportunidad para dar el salto al mercado global gracias a las <strong data-start=\"285\" data-end=\"364\">subvenciones destinadas a la promoci\u00f3n comercial en eventos internacionales<\/strong>. Estas ayudas, con plazo de solicitud hasta el <strong data-start=\"412\" data-end=\"439\">31 de diciembre de 2025<\/strong>, pueden marcar la diferencia en la internacionalizaci\u00f3n de tu negocio.<\/p><p data-start=\"514\" data-end=\"682\">En esta gu\u00eda, te explicamos <strong data-start=\"542\" data-end=\"679\">c\u00f3mo acceder a estas subvenciones, qui\u00e9n puede beneficiarse, los requisitos clave y consejos para aumentar tus posibilidades de \u00e9xito<\/strong>.<\/p><hr data-start=\"684\" data-end=\"689\" \/><h3 data-start=\"691\" data-end=\"744\">\ud83d\udccc <strong data-start=\"698\" data-end=\"742\">1. \u00bfEn Qu\u00e9 Consisten Estas Subvenciones?<\/strong><\/h3><p data-start=\"746\" data-end=\"984\">Este programa de ayudas tiene como objetivo apoyar a las empresas extreme\u00f1as en su participaci\u00f3n en <strong data-start=\"846\" data-end=\"893\">ferias, congresos y eventos internacionales<\/strong> con el fin de mejorar su visibilidad y oportunidades de negocio en mercados extranjeros.<\/p><p data-start=\"986\" data-end=\"1343\">\ud83d\udd39 <strong data-start=\"989\" data-end=\"1010\">Beneficios clave:<\/strong><br data-start=\"1010\" data-end=\"1013\" \/>\u2714\ufe0f Financiaci\u00f3n parcial o total de gastos asociados a la participaci\u00f3n en eventos internacionales.<br data-start=\"1111\" data-end=\"1114\" \/>\u2714\ufe0f Mayor visibilidad y presencia en mercados extranjeros.<br data-start=\"1171\" data-end=\"1174\" \/>\u2714\ufe0f Oportunidad de networking con clientes y socios internacionales.<br data-start=\"1241\" data-end=\"1244\" \/>\u2714\ufe0f Impulso a la competitividad y crecimiento de las empresas extreme\u00f1as en sectores estrat\u00e9gicos.<\/p><p data-start=\"1345\" data-end=\"1649\">\ud83d\udcb0 <strong data-start=\"1348\" data-end=\"1375\">Gastos subvencionables:<\/strong><br data-start=\"1375\" data-end=\"1378\" \/>\u2714\ufe0f Costes de inscripci\u00f3n y participaci\u00f3n en eventos.<br data-start=\"1430\" data-end=\"1433\" \/>\u2714\ufe0f Dise\u00f1o y producci\u00f3n de material promocional.<br data-start=\"1480\" data-end=\"1483\" \/>\u2714\ufe0f Desplazamientos, alojamiento y manutenci\u00f3n relacionados con la actividad.<br data-start=\"1559\" data-end=\"1562\" \/>\u2714\ufe0f Costes de traducci\u00f3n e interpretaci\u00f3n para facilitar la comunicaci\u00f3n en el evento.<\/p><hr data-start=\"1651\" data-end=\"1656\" \/><h3 data-start=\"1658\" data-end=\"1710\">\ud83c\udfaf <strong data-start=\"1665\" data-end=\"1708\">2. \u00bfQui\u00e9n Puede Solicitar Estas Ayudas?<\/strong><\/h3><p data-start=\"1712\" data-end=\"1853\">Estas subvenciones est\u00e1n dirigidas a empresas y aut\u00f3nomos con sede en <strong data-start=\"1782\" data-end=\"1797\">Extremadura<\/strong> que desean <strong data-start=\"1809\" data-end=\"1850\">expandirse a mercados internacionales<\/strong>.<\/p><p data-start=\"1855\" data-end=\"2232\">\ud83d\udd0d <strong data-start=\"1858\" data-end=\"1885\">Requisitos principales:<\/strong><br data-start=\"1885\" data-end=\"1888\" \/>\u2705 Ser una empresa o aut\u00f3nomo con domicilio fiscal en Extremadura.<br data-start=\"1953\" data-end=\"1956\" \/>\u2705 Justificar la participaci\u00f3n en un evento internacional que favorezca la promoci\u00f3n del negocio.<br data-start=\"2052\" data-end=\"2055\" \/>\u2705 Acreditar la actividad econ\u00f3mica y la viabilidad del proyecto de internacionalizaci\u00f3n.<br data-start=\"2143\" data-end=\"2146\" \/>\u2705 Cumplir con los requisitos administrativos y fiscales exigidos en la convocatoria.<\/p><p data-start=\"2234\" data-end=\"2447\">\ud83d\udce2 <strong data-start=\"2237\" data-end=\"2252\">Importante:<\/strong> No todas las ferias y eventos internacionales son elegibles, por lo que es recomendable verificar que el evento al que quieres asistir cumple con los criterios establecidos en la convocatoria.<\/p><hr data-start=\"2449\" data-end=\"2454\" \/><h3 data-start=\"2456\" data-end=\"2512\">\ud83d\udcd1 <strong data-start=\"2463\" data-end=\"2510\">3. C\u00f3mo Solicitar la Subvenci\u00f3n Paso a Paso<\/strong><\/h3><p data-start=\"2514\" data-end=\"2607\">Si cumples con los requisitos, sigue estos pasos para presentar tu solicitud correctamente:<\/p><p data-start=\"2609\" data-end=\"2653\">\ud83d\udcdd <strong data-start=\"2612\" data-end=\"2651\">Paso 1: Revisi\u00f3n de la Convocatoria<\/strong><\/p><ul data-start=\"2654\" data-end=\"2751\"><li data-start=\"2654\" data-end=\"2751\">Descarga y lee detenidamente las bases reguladoras de la subvenci\u00f3n en la p\u00e1gina web oficial.<\/li><\/ul><p data-start=\"2753\" data-end=\"2801\">\ud83d\udcc2 <strong data-start=\"2756\" data-end=\"2799\">Paso 2: Preparaci\u00f3n de la Documentaci\u00f3n<\/strong><\/p><ul data-start=\"2802\" data-end=\"3071\"><li data-start=\"2802\" data-end=\"2894\">Identificaci\u00f3n de la empresa o aut\u00f3nomo (CIF, NIF, escritura de constituci\u00f3n si aplica).<\/li><li data-start=\"2895\" data-end=\"2962\">Proyecto detallado de participaci\u00f3n en el evento internacional.<\/li><li data-start=\"2963\" data-end=\"3009\">Presupuesto de los gastos subvencionables.<\/li><li data-start=\"3010\" data-end=\"3071\">Justificantes de inscripci\u00f3n en el evento o invitaciones.<\/li><\/ul><p data-start=\"3073\" data-end=\"3118\">\ud83d\udcbb <strong data-start=\"3076\" data-end=\"3116\">Paso 3: Presentaci\u00f3n de la Solicitud<\/strong><\/p><ul data-start=\"3119\" data-end=\"3359\"><li data-start=\"3119\" data-end=\"3217\">Rellena el formulario de solicitud online en la plataforma oficial de la Junta de Extremadura.<\/li><li data-start=\"3218\" data-end=\"3262\">Adjunta toda la documentaci\u00f3n requerida.<\/li><li data-start=\"3263\" data-end=\"3359\">Revisa bien la informaci\u00f3n antes de enviarla para evitar errores que retrasen la resoluci\u00f3n.<\/li><\/ul><p data-start=\"3361\" data-end=\"3402\">\ud83d\udd0e <strong data-start=\"3364\" data-end=\"3400\">Paso 4: Seguimiento y Resoluci\u00f3n<\/strong><\/p><ul data-start=\"3403\" data-end=\"3725\"><li data-start=\"3403\" data-end=\"3499\">Una vez enviada la solicitud, puedes hacer seguimiento en la web oficial de la convocatoria.<\/li><li data-start=\"3500\" data-end=\"3606\">En caso de requerirse informaci\u00f3n adicional, responde a las notificaciones en los plazos establecidos.<\/li><li data-start=\"3607\" data-end=\"3725\">Si la subvenci\u00f3n es concedida, sigue las instrucciones para la justificaci\u00f3n del gasto y la recepci\u00f3n del importe.<\/li><\/ul><hr data-start=\"3727\" data-end=\"3732\" \/><h3 data-start=\"3734\" data-end=\"3803\">\ud83d\udca1 <strong data-start=\"3741\" data-end=\"3801\">4. Consejos Clave para Asegurar el \u00c9xito de tu Solicitud<\/strong><\/h3><p data-start=\"3805\" data-end=\"3969\">\ud83c\udfaf <strong data-start=\"3808\" data-end=\"3839\">Elige eventos estrat\u00e9gicos:<\/strong> Participar en eventos clave dentro de tu sector aumentar\u00e1 las probabilidades de \u00e9xito en la internacionalizaci\u00f3n de tu empresa.<\/p><p data-start=\"3971\" data-end=\"4159\">\ud83d\udcca <strong data-start=\"3974\" data-end=\"4017\">Presenta un proyecto bien estructurado:<\/strong> Explica con claridad los objetivos de la participaci\u00f3n en el evento, el impacto esperado y la relevancia del mercado internacional elegido.<\/p><p data-start=\"4161\" data-end=\"4372\">\ud83d\udcc6 <strong data-start=\"4164\" data-end=\"4206\">Solicita la subvenci\u00f3n con antelaci\u00f3n:<\/strong> No esperes al \u00faltimo momento. Algunas convocatorias tienen plazos de resoluci\u00f3n largos, y presentar la solicitud con tiempo te permitir\u00e1 corregir posibles errores.<\/p><p data-start=\"4374\" data-end=\"4543\">\ud83d\udce2 <strong data-start=\"4377\" data-end=\"4400\">Mantente informado:<\/strong> Consulta peri\u00f3dicamente la web de la Junta de Extremadura y sus boletines para estar al tanto de posibles modificaciones en la convocatoria.<\/p><p data-start=\"4545\" data-end=\"4699\">\ud83d\udcde <strong data-start=\"4548\" data-end=\"4578\">Ases\u00f3rate si lo necesitas:<\/strong> Si tienes dudas, consulta con organismos como la C\u00e1mara de Comercio de Extremadura o agencias de internacionalizaci\u00f3n.<\/p><hr data-start=\"4701\" data-end=\"4706\" \/><h2 data-start=\"4708\" data-end=\"4786\">\ud83d\ude80 <strong data-start=\"4714\" data-end=\"4784\">Aprovecha Esta Oportunidad y Expande Tu Negocio Internacionalmente<\/strong><\/h2><p data-start=\"4788\" data-end=\"5038\">Estas subvenciones representan una oportunidad clave para las empresas extreme\u00f1as que buscan <strong data-start=\"4881\" data-end=\"4928\">crecer m\u00e1s all\u00e1 de las fronteras nacionales<\/strong>. Preparar bien tu solicitud y seguir estos consejos puede marcar la diferencia en la obtenci\u00f3n de la ayuda.<\/p><p data-start=\"5040\" data-end=\"5174\" data-is-last-node=\"\" data-is-only-node=\"\">Si tu empresa est\u00e1 lista para el siguiente paso, \u00a1<strong data-start=\"5090\" data-end=\"5171\">no dejes pasar esta oportunidad y comienza tu proceso de solicitud hoy mismo!<\/strong> \ud83d\udce9<\/p><h3 data-start=\"0\" data-end=\"46\"><strong data-start=\"7\" data-end=\"44\">Preguntas y Opciones de Respuesta<\/strong><\/h3><h4 data-start=\"48\" data-end=\"115\"><strong data-start=\"53\" data-end=\"113\">1. \u00bfCu\u00e1l es el objetivo principal de estas subvenciones?<\/strong><\/h4><p data-start=\"116\" data-end=\"398\">A) Financiar la compra de maquinaria para empresas extreme\u00f1as.<br data-start=\"178\" data-end=\"181\" \/>B) Apoyar la participaci\u00f3n en eventos internacionales para la promoci\u00f3n comercial.<br data-start=\"263\" data-end=\"266\" \/>C) Financiar campa\u00f1as publicitarias locales en Extremadura.<br data-start=\"325\" data-end=\"328\" \/>D) Apoyar la contrataci\u00f3n de empleados para la internacionalizaci\u00f3n.<\/p><h4 data-start=\"400\" data-end=\"461\"><strong data-start=\"405\" data-end=\"459\">2. \u00bfQu\u00e9 tipo de gastos pueden cubrir estas ayudas?<\/strong><\/h4><p data-start=\"462\" data-end=\"649\">A) Pago de n\u00f3minas de empleados.<br data-start=\"494\" data-end=\"497\" \/>B) Costes de inscripci\u00f3n y participaci\u00f3n en eventos internacionales.<br data-start=\"565\" data-end=\"568\" \/>C) Adquisici\u00f3n de oficinas en el extranjero.<br data-start=\"612\" data-end=\"615\" \/>D) Publicidad en redes sociales.<\/p><h4 data-start=\"651\" data-end=\"710\"><strong data-start=\"656\" data-end=\"708\">3. \u00bfQui\u00e9nes pueden solicitar estas subvenciones?<\/strong><\/h4><p data-start=\"711\" data-end=\"914\">A) Empresas y aut\u00f3nomos con sede en Extremadura.<br data-start=\"759\" data-end=\"762\" \/>B) Cualquier empresa espa\u00f1ola sin importar su ubicaci\u00f3n.<br data-start=\"818\" data-end=\"821\" \/>C) Solo grandes corporaciones con presencia internacional.<br data-start=\"879\" data-end=\"882\" \/>D) Solo startups tecnol\u00f3gicas.<\/p><h4 data-start=\"916\" data-end=\"977\"><strong data-start=\"921\" data-end=\"975\">4. \u00bfHasta cu\u00e1ndo se pueden solicitar estas ayudas?<\/strong><\/h4><p data-start=\"978\" data-end=\"1089\">A) 31 de diciembre de 2024.<br data-start=\"1005\" data-end=\"1008\" \/>B) 30 de junio de 2025.<br data-start=\"1031\" data-end=\"1034\" \/>C) 31 de diciembre de 2025.<br data-start=\"1061\" data-end=\"1064\" \/>D) No hay fecha l\u00edmite.<\/p><h4 data-start=\"1091\" data-end=\"1159\"><strong data-start=\"1096\" data-end=\"1157\">5. \u00bfQu\u00e9 se recomienda hacer antes de enviar la solicitud?<\/strong><\/h4><p data-start=\"1160\" data-end=\"1405\">A) Presentarla sin revisar los requisitos para ganar tiempo.<br data-start=\"1220\" data-end=\"1223\" \/>B) Revisar la convocatoria y preparar toda la documentaci\u00f3n.<br data-start=\"1283\" data-end=\"1286\" \/>C) Esperar hasta el \u00faltimo momento para enviarla.<br data-start=\"1335\" data-end=\"1338\" \/>D) Enviar solo una parte de la documentaci\u00f3n y completar despu\u00e9s.<\/p><hr data-start=\"1407\" data-end=\"1410\" \/><h3 data-start=\"1412\" data-end=\"1444\">\u2705 <strong data-start=\"1418\" data-end=\"1442\">Respuestas Correctas<\/strong><\/h3><p data-start=\"1446\" data-end=\"1785\" data-is-last-node=\"\" data-is-only-node=\"\">1\ufe0f\u20e3 <strong data-start=\"1450\" data-end=\"1536\">B) Apoyar la participaci\u00f3n en eventos internacionales para la promoci\u00f3n comercial.<\/strong><br data-start=\"1536\" data-end=\"1539\" \/>2\ufe0f\u20e3 <strong data-start=\"1543\" data-end=\"1615\">B) Costes de inscripci\u00f3n y participaci\u00f3n en eventos internacionales.<\/strong><br data-start=\"1615\" data-end=\"1618\" \/>3\ufe0f\u20e3 <strong data-start=\"1622\" data-end=\"1674\">A) Empresas y aut\u00f3nomos con sede en Extremadura.<\/strong><br data-start=\"1674\" data-end=\"1677\" \/>4\ufe0f\u20e3 <strong data-start=\"1681\" data-end=\"1712\">C) 31 de diciembre de 2025.<\/strong><br data-start=\"1712\" data-end=\"1715\" \/>5\ufe0f\u20e3 <strong data-start=\"1719\" data-end=\"1783\">B) Revisar la convocatoria y preparar toda la documentaci\u00f3n.<\/strong><\/p>\t\t\t\t\t\t\t\t<\/div>\n\t\t\t\t<\/div>\n\t\t\t\t\t<\/div>\n\t\t<\/div>\n\t\t\t\t\t<\/div>\n\t\t<\/section>\n\t\t<div class=\"elementor-element elementor-element-5533d49 e-con-full e-flex e-con e-parent\" data-id=\"5533d49\" data-element_type=\"container\">\n\t\t\t\t<div class=\"elementor-element elementor-element-8340b30 elementor-widget elementor-widget-text-editor\" data-id=\"8340b30\" data-element_type=\"widget\" data-widget_type=\"text-editor.default\">\n\t\t\t\t<div class=\"elementor-widget-container\">\n\t\t\t\t\t\t\t\t\t<h4 style=\"text-align: center;\"><span style=\"color: #e94c81;\"><strong>APLICA ESTE TIP EN TU PROYECTO<\/strong><\/span><\/h4>\t\t\t\t\t\t\t\t<\/div>\n\t\t\t\t<\/div>\n\t\t\t\t<\/div>\n\t\t<div class=\"elementor-element elementor-element-8f4952d e-flex e-con-boxed e-con e-parent\" data-id=\"8f4952d\" data-element_type=\"container\">\n\t\t\t\t\t<div class=\"e-con-inner\">\n\t\t\t\t<div class=\"elementor-element elementor-element-6e88adf elementor-widget elementor-widget-text-editor\" data-id=\"6e88adf\" data-element_type=\"widget\" data-widget_type=\"text-editor.default\">\n\t\t\t\t<div class=\"elementor-widget-container\">\n\t\t\t\t\t\t\t\t\t<ul><li><span style=\"font-weight: 400;\">\ud83d\udcbb <\/span><strong><span style=\"color: #009988;\">PRACTICA<\/span><\/strong><span style=\"font-weight: 400;\"> con un experto en <\/span><strong><span style=\"color: #009988;\"><a style=\"color: #009988;\" href=\"https:\/\/mentorday.es\/revision-modelo-negocio-lean-canvas\/\" target=\"_blank\" rel=\"noopener\">el pr\u00f3ximo webinar pr\u00e1ctico.<\/a><\/span><\/strong><\/li><li><span style=\"font-weight: 400;\">\ud83d\udd0e <\/span><span style=\"font-weight: 400;\"><strong><span style=\"color: #009988;\">CONSULTA<\/span><\/strong> m\u00e1s TIPs relacionadas <\/span><span style=\"font-weight: 400;\">con este mismo <\/span><a href=\"https:\/\/mentorday.es\/wikitips\/category\/desarrollo-del-negocio-estrategia\/\" target=\"_blank\" rel=\"noopener\"><strong>tema.<\/strong><\/a><\/li><li><span style=\"font-weight: 400;\">\ud83d\udcd6 <strong><span style=\"color: #009988;\">AMPLIA<\/span><\/strong> tus conocimientos descargando<strong><a href=\"https:\/\/mentorday.es\/ebook-internacionalizacion\/\" target=\"_blank\" rel=\"noopener\"> este EBOOK<\/a> y <a href=\"https:\/\/mentorday.es\/ebook\/crea-modelo-negocio-valida-ajusta-mercado\/\" target=\"_blank\" rel=\"noopener\">este EBOOK.<\/a><\/strong><\/span><\/li><\/ul><h4 style=\"text-align: center;\"><span style=\"color: #e94c81;\"><b>PIENSA EN TI<\/b><\/span><\/h4><ul><li><span style=\"font-weight: 400;\">\u200d\ud83d\ude80 <span style=\"color: #009988;\"><strong>IMPULSA<\/strong><\/span> tu empresa en el pr\u00f3ximo<\/span> <strong><span style=\"color: #009988;\"><a style=\"color: #009988;\" href=\"https:\/\/mentorday.es\/modelo-mentor-day\/\" target=\"_blank\" rel=\"noopener\">programa de aceleraci\u00f3n<\/a>,<\/span> <span style=\"color: #009988;\">\u00a1<a style=\"color: #009988;\" href=\"https:\/\/mentorday.es\/inscripcion\/\" target=\"_blank\" rel=\"noopener\">reserva tu plaza ya<\/a>!.<\/span><\/strong><\/li><li><span style=\"font-weight: 400;\">\ud83e\udd41 <span style=\"color: #009988;\"><strong>PRACTICA<\/strong><\/span> con tu proyecto en este webinar pr\u00e1ctico, <span style=\"color: #009988;\"><strong>\u00a1<\/strong><\/span><\/span><span style=\"color: #009988;\"><strong><a style=\"color: #009988;\" href=\"https:\/\/mentorday.es\/webinar\/\" target=\"_blank\" rel=\"noopener\">solicita tu plaza<\/a><\/strong><span style=\"font-weight: 400;\"><strong>!<\/strong>.<\/span><\/span><\/li><li><span style=\"font-weight: 400;\">\ud83c\udf10 <span style=\"color: #009988;\"><strong>CONTACTA<\/strong> <\/span>con otros emprendedores y empresas, <strong><span style=\"color: #009988;\">\u00a1<\/span><\/strong><\/span><strong><span style=\"color: #009988;\"><a style=\"color: #009988;\" href=\"https:\/\/mentorday.es\/networkingonline-para-emprendedores\/\" target=\"_blank\" rel=\"noopener\">inscr\u00edbete<\/a> y participa en el pr\u00f3ximo Networking!.<\/span><\/strong><\/li><\/ul><h4 style=\"text-align: center;\"><span style=\"color: #e94c81;\"><b>PIENSA EN AYUDAR A LOS DEM\u00c1S<\/b><\/span><\/h4><ul><li><span style=\"font-weight: 400;\">\ud83e\udd1d<span style=\"color: #009988;\"><strong>COLABORA<\/strong><\/span> como voluntario: <\/span><span style=\"color: #009988;\"><strong><a style=\"color: #009988;\" href=\"https:\/\/mentorday.es\/experto-especialista\/\" target=\"_blank\" rel=\"noopener\">experto<\/a>,<a style=\"color: #009988;\" href=\"https:\/\/mentorday.es\/programa-de-formacion-para-mentores\/\" target=\"_blank\" rel=\"noopener\"> mentor<\/a>,<a style=\"color: #009988;\" href=\"https:\/\/mentorday.es\/mentor-invierte\/\" target=\"_blank\" rel=\"noopener\"> inversor<\/a>,<a style=\"color: #009988;\" href=\"https:\/\/mentorday.es\/entregar-premio\/\" target=\"_blank\" rel=\"noopener\"> premiando<\/a>,<a style=\"color: #009988;\" href=\"https:\/\/mentorday.es\/conviertete-influencer-mentor-day\/\" target=\"_blank\" rel=\"noopener\"> difundiendo<\/a>,<a style=\"color: #009988;\" href=\"https:\/\/mentorday.es\/innovacion-abierta-para-tu-empresa\/\" target=\"_blank\" rel=\"noopener\"> retando<\/a>,<a style=\"color: #009988;\" href=\"https:\/\/mentorday.es\/innovacion-abierta-para-tu-empresa\/\" target=\"_blank\" rel=\"noopener\"> innovando<\/a>,<a style=\"color: #009988;\" href=\"http:\/\/mentorday.es\/wikitips\/crea-tu-tip\/\" target=\"_blank\" rel=\"noopener\"> creando una TIP<\/a>\u2026<\/strong><\/span><\/li><li><span style=\"font-weight: 400;\">\ud83d\udcac<\/span> <span style=\"font-weight: 400;\"><span style=\"color: #009988;\"><strong>RECOMIENDA<\/strong><\/span> este programa para que llegue a m\u00e1s emprendedores<\/span><span style=\"font-weight: 400;\"> por Google.<\/span><\/li><li><strong>\ud83d\udc49 <a href=\"https:\/\/survey.zohopublic.com\/zs\/YECsd8\" target=\"_blank\" rel=\"noopener\"><span style=\"color: #009988;\">\u00a1COMPARTE tu aprendizaje!.<\/span><\/a><\/strong><\/li><li style=\"text-align: left;\"><strong>\ud83d\udcf2 <span style=\"color: #009988;\">REENV\u00cdA<\/span><\/strong> esta TIP \ud83d\udc47<\/li><\/ul>\t\t\t\t\t\t\t\t<\/div>\n\t\t\t\t<\/div>\n\t\t\t\t\t<\/div>\n\t\t\t\t<\/div>\n\t\t\t\t<\/div>\n\t\t","protected":false},"excerpt":{"rendered":"<p>Accede a subvenciones para participar en eventos internacionales y expande tu empresa extreme\u00f1a al mercado global. \u00a1Solic\u00edtala antes del 31\/12\/2025!<\/p>\n","protected":false},"author":6,"featured_media":109485,"comment_status":"open","ping_status":"open","sticky":false,"template":"","format":"standard","meta":{"footnotes":""},"categories":[1218],"tags":[1031,414,1020,1065,1032,417],"class_list":["post-109484","post","type-post","status-publish","format-standard","has-post-thumbnail","hentry","category-ayudas-y-subvenciones","tag-emprendedores","tag-financiacion-emprendedores","tag-financias","tag-innovacion","tag-negocio","tag-wikitip"],"_links":{"self":[{"href":"https:\/\/mentorday.es\/wikitips\/wp-json\/wp\/v2\/posts\/109484","targetHints":{"allow":["GET"]}}],"collection":[{"href":"https:\/\/mentorday.es\/wikitips\/wp-json\/wp\/v2\/posts"}],"about":[{"href":"https:\/\/mentorday.es\/wikitips\/wp-json\/wp\/v2\/types\/post"}],"author":[{"embeddable":true,"href":"https:\/\/mentorday.es\/wikitips\/wp-json\/wp\/v2\/users\/6"}],"replies":[{"embeddable":true,"href":"https:\/\/mentorday.es\/wikitips\/wp-json\/wp\/v2\/comments?post=109484"}],"version-history":[{"count":0,"href":"https:\/\/mentorday.es\/wikitips\/wp-json\/wp\/v2\/posts\/109484\/revisions"}],"wp:featuredmedia":[{"embeddable":true,"href":"https:\/\/mentorday.es\/wikitips\/wp-json\/wp\/v2\/media\/109485"}],"wp:attachment":[{"href":"https:\/\/mentorday.es\/wikitips\/wp-json\/wp\/v2\/media?parent=109484"}],"wp:term":[{"taxonomy":"category","embeddable":true,"href":"https:\/\/mentorday.es\/wikitips\/wp-json\/wp\/v2\/categories?post=109484"},{"taxonomy":"post_tag","embeddable":true,"href":"https:\/\/mentorday.es\/wikitips\/wp-json\/wp\/v2\/tags?post=109484"}],"curies":[{"name":"wp","href":"https:\/\/api.w.org\/{rel}","templated":true}]}}