


{"id":109549,"date":"2025-03-05T12:14:17","date_gmt":"2025-03-05T12:14:17","guid":{"rendered":"https:\/\/mentorday.es\/wikitips\/?p=109549"},"modified":"2025-10-07T11:23:12","modified_gmt":"2025-10-07T11:23:12","slug":"ayudas-lanbide-2025-para-centros-especiales-de-empleo","status":"publish","type":"post","link":"https:\/\/mentorday.es\/wikitips\/ayudas-lanbide-2025-para-centros-especiales-de-empleo\/","title":{"rendered":"Ayudas Lanbide 2025 para Centros Especiales de Empleo"},"content":{"rendered":"\t\t<div data-elementor-type=\"wp-post\" data-elementor-id=\"109549\" class=\"elementor elementor-109549\" data-elementor-post-type=\"post\">\n\t\t\t\t\t\t<section class=\"elementor-section elementor-top-section elementor-element elementor-element-6c98dde5 elementor-section-boxed elementor-section-height-default elementor-section-height-default\" data-id=\"6c98dde5\" data-element_type=\"section\">\n\t\t\t\t\t\t<div class=\"elementor-container elementor-column-gap-default\">\n\t\t\t\t\t<div class=\"elementor-column elementor-col-100 elementor-top-column elementor-element elementor-element-1076a75a\" data-id=\"1076a75a\" data-element_type=\"column\">\n\t\t\t<div class=\"elementor-widget-wrap elementor-element-populated\">\n\t\t\t\t\t\t<div class=\"elementor-element elementor-element-423817e elementor-toc--minimized-on-tablet elementor-widget elementor-widget-table-of-contents\" data-id=\"423817e\" data-element_type=\"widget\" data-settings=\"{&quot;headings_by_tags&quot;:[&quot;h2&quot;,&quot;h3&quot;],&quot;exclude_headings_by_selector&quot;:[],&quot;marker_view&quot;:&quot;numbers&quot;,&quot;no_headings_message&quot;:&quot;No se ha encontrado ning\\u00fan encabezado en esta p\\u00e1gina.&quot;,&quot;minimize_box&quot;:&quot;yes&quot;,&quot;minimized_on&quot;:&quot;tablet&quot;,&quot;hierarchical_view&quot;:&quot;yes&quot;,&quot;min_height&quot;:{&quot;unit&quot;:&quot;px&quot;,&quot;size&quot;:&quot;&quot;,&quot;sizes&quot;:[]},&quot;min_height_tablet&quot;:{&quot;unit&quot;:&quot;px&quot;,&quot;size&quot;:&quot;&quot;,&quot;sizes&quot;:[]},&quot;min_height_mobile&quot;:{&quot;unit&quot;:&quot;px&quot;,&quot;size&quot;:&quot;&quot;,&quot;sizes&quot;:[]}}\" data-widget_type=\"table-of-contents.default\">\n\t\t\t\t<div class=\"elementor-widget-container\">\n\t\t\t\t\t\t\t\t\t<div class=\"elementor-toc__header\">\n\t\t\t\t\t\t<h4 class=\"elementor-toc__header-title\">\n\t\t\t\tTabla de contenidos\t\t\t<\/h4>\n\t\t\t\t\t\t\t\t\t\t<div class=\"elementor-toc__toggle-button elementor-toc__toggle-button--expand\" role=\"button\" tabindex=\"0\" aria-controls=\"elementor-toc__423817e\" aria-expanded=\"true\" aria-label=\"Abrir la tabla de contenidos\"><i aria-hidden=\"true\" class=\"fas fa-chevron-down\"><\/i><\/div>\n\t\t\t\t<div class=\"elementor-toc__toggle-button elementor-toc__toggle-button--collapse\" role=\"button\" tabindex=\"0\" aria-controls=\"elementor-toc__423817e\" aria-expanded=\"true\" aria-label=\"Cerrar la tabla de contenidos\"><i aria-hidden=\"true\" class=\"fas fa-chevron-up\"><\/i><\/div>\n\t\t\t\t\t<\/div>\n\t\t\t\t<div id=\"elementor-toc__423817e\" class=\"elementor-toc__body\">\n\t\t\t<div class=\"elementor-toc__spinner-container\">\n\t\t\t\t<i class=\"elementor-toc__spinner eicon-animation-spin eicon-loading\" aria-hidden=\"true\"><\/i>\t\t\t<\/div>\n\t\t<\/div>\n\t\t\t\t\t\t<\/div>\n\t\t\t\t<\/div>\n\t\t\t\t<div class=\"elementor-element elementor-element-c788918 elementor-widget elementor-widget-text-editor\" data-id=\"c788918\" data-element_type=\"widget\" data-widget_type=\"text-editor.default\">\n\t\t\t\t<div class=\"elementor-widget-container\">\n\t\t\t\t\t\t\t\t\t<h1 data-start=\"92\" data-end=\"182\">\ud83d\udcbc Ayudas para la Financiaci\u00f3n de Unidades de Apoyo a la Actividad Profesional en 2025<\/h1><h2 data-start=\"184\" data-end=\"252\">Subvenciones para Centros Especiales de Empleo en el Pa\u00eds Vasco<\/h2><p data-start=\"254\" data-end=\"582\">Lanbide &#8211; Servicio Vasco de Empleo lanza una nueva convocatoria de ayudas en 2025 para financiar los costes salariales y de Seguridad Social de las Unidades de Apoyo a la Actividad Profesional (UAAP) en los Centros Especiales de Empleo. Si tu entidad cumple los requisitos, aqu\u00ed te explicamos c\u00f3mo acceder a esta financiaci\u00f3n.<\/p><h3 data-start=\"584\" data-end=\"624\">\ud83d\udccb 1. \u00bfEn qu\u00e9 consiste esta ayuda?<\/h3><p data-start=\"625\" data-end=\"859\">El objetivo de esta subvenci\u00f3n es <strong data-start=\"659\" data-end=\"716\">financiar los costes salariales y de Seguridad Social<\/strong> del personal de las Unidades de Apoyo a la Actividad Profesional que trabajan con personas con especiales dificultades de inserci\u00f3n laboral.<\/p><ul data-start=\"861\" data-end=\"1237\"><li data-start=\"861\" data-end=\"929\"><strong data-start=\"863\" data-end=\"890\">Dotaci\u00f3n presupuestaria<\/strong>: 5.500.000 \u20ac para el ejercicio 2025.<\/li><li data-start=\"930\" data-end=\"1060\"><strong data-start=\"932\" data-end=\"955\">Importe de la ayuda<\/strong>:<ul data-start=\"961\" data-end=\"1060\"><li data-start=\"961\" data-end=\"1005\">1.300 \u20ac anuales por contrato indefinido.<\/li><li data-start=\"1008\" data-end=\"1060\">650 \u20ac por contrato temporal de al menos 6 meses.<\/li><\/ul><\/li><li data-start=\"1061\" data-end=\"1131\"><strong data-start=\"1063\" data-end=\"1085\">Periodo financiado<\/strong>: del 1 de enero al 31 de diciembre de 2025.<\/li><li data-start=\"1132\" data-end=\"1237\"><strong data-start=\"1134\" data-end=\"1151\">Forma de pago<\/strong>: Se abonar\u00e1 el <strong data-start=\"1167\" data-end=\"1192\">100% de la subvenci\u00f3n<\/strong> en el momento de la resoluci\u00f3n concesoria.<\/li><\/ul><p data-start=\"1239\" data-end=\"1405\">En caso de que los fondos no sean suficientes para cubrir todas las solicitudes, el presupuesto se repartir\u00e1 de manera proporcional entre las solicitudes aprobadas.<\/p><h3 data-start=\"1407\" data-end=\"1459\">\ud83d\udc65 2. \u00bfQui\u00e9n puede beneficiarse de esta ayuda?<\/h3><p data-start=\"1460\" data-end=\"1731\">Esta financiaci\u00f3n est\u00e1 dirigida a <strong data-start=\"1494\" data-end=\"1526\">Centros Especiales de Empleo<\/strong> que cuenten con Unidades de Apoyo a la Actividad Profesional contratadas con car\u00e1cter temporal o indefinido, y que trabajen en la <strong data-start=\"1657\" data-end=\"1728\">inserci\u00f3n laboral de personas con especiales dificultades de empleo<\/strong>.<\/p><p data-start=\"1733\" data-end=\"1777\"><strong data-start=\"1733\" data-end=\"1762\">\u00c1mbito de la convocatoria<\/strong>: Pa\u00eds Vasco.<\/p><h3 data-start=\"1779\" data-end=\"1814\">\ud83d\udcdd 3. C\u00f3mo solicitar la ayuda<\/h3><p data-start=\"1815\" data-end=\"1881\">Para acceder a esta subvenci\u00f3n, es necesario seguir estos pasos:<\/p><ol data-start=\"1883\" data-end=\"2371\"><li data-start=\"1883\" data-end=\"1951\"><strong data-start=\"1886\" data-end=\"1948\">Registro y alta de la entidad en el \u00abRegistro de Terceros\u00bb<\/strong>.<\/li><li data-start=\"1952\" data-end=\"2112\"><strong data-start=\"1955\" data-end=\"2000\">Solicitud y presentaci\u00f3n de documentaci\u00f3n<\/strong> dentro del plazo establecido:<ul data-start=\"2036\" data-end=\"2112\"><li data-start=\"2036\" data-end=\"2073\"><strong data-start=\"2038\" data-end=\"2050\">Apertura<\/strong>: 7 de marzo de 2025.<\/li><li data-start=\"2077\" data-end=\"2112\"><strong data-start=\"2079\" data-end=\"2089\">Cierre<\/strong>: 6 de abril de 2025.<\/li><\/ul><\/li><li data-start=\"2113\" data-end=\"2248\"><strong data-start=\"2116\" data-end=\"2150\">Justificaci\u00f3n de la subvenci\u00f3n<\/strong>: Se debe acreditar el uso de los fondos recibidos conforme a los requisitos de la convocatoria.<\/li><li data-start=\"2249\" data-end=\"2371\"><strong data-start=\"2252\" data-end=\"2277\">Resoluci\u00f3n y recursos<\/strong>: Lanbide notificar\u00e1 la resoluci\u00f3n y permitir\u00e1 presentar recursos en caso de disconformidad.<\/li><\/ol><h3 data-start=\"2373\" data-end=\"2412\">\ud83d\udd0d 4. Aspectos clave a considerar<\/h3><ul data-start=\"2413\" data-end=\"2907\"><li data-start=\"2413\" data-end=\"2543\"><strong data-start=\"2415\" data-end=\"2456\">Verifica los requisitos de tu entidad<\/strong> antes de solicitar la ayuda para asegurarte de cumplir con las condiciones exigidas.<\/li><li data-start=\"2544\" data-end=\"2635\"><strong data-start=\"2546\" data-end=\"2594\">Prepara toda la documentaci\u00f3n con antelaci\u00f3n<\/strong> para agilizar el proceso de solicitud.<\/li><li data-start=\"2636\" data-end=\"2795\"><strong data-start=\"2638\" data-end=\"2678\">Consulta con asesores especializados<\/strong> o entidades como MentorDay para optimizar la presentaci\u00f3n de la solicitud y maximizar las probabilidades de \u00e9xito.<\/li><li data-start=\"2796\" data-end=\"2907\"><strong data-start=\"2798\" data-end=\"2836\">Haz seguimiento de la convocatoria<\/strong> para estar informado sobre posibles cambios o ampliaciones de plazo.<\/li><\/ul><h3 data-start=\"2909\" data-end=\"2927\">\u2705 Conclusi\u00f3n<\/h3><p data-start=\"2928\" data-end=\"3241\">Esta ayuda representa una gran oportunidad para los Centros Especiales de Empleo en el Pa\u00eds Vasco que buscan financiaci\u00f3n para sus Unidades de Apoyo a la Actividad Profesional. Si cumples los requisitos, <strong data-start=\"3132\" data-end=\"3168\">no dejes pasar esta convocatoria<\/strong> y accede a los fondos disponibles para potenciar la inclusi\u00f3n laboral.<\/p>\t\t\t\t\t\t\t\t<\/div>\n\t\t\t\t<\/div>\n\t\t\t\t\t<\/div>\n\t\t<\/div>\n\t\t\t\t\t<\/div>\n\t\t<\/section>\n\t\t<div class=\"elementor-element elementor-element-5533d49 e-con-full e-flex e-con e-parent\" data-id=\"5533d49\" data-element_type=\"container\">\n\t\t\t\t<div class=\"elementor-element elementor-element-887edda elementor-widget elementor-widget-mentorforms\" data-id=\"887edda\" data-element_type=\"widget\" data-widget_type=\"mentorforms.default\">\n\t\t\t\t<div class=\"elementor-widget-container\">\n\t\t\t\t\t<iframe aria-label=\"Quiz: Certificaciones para empresas\" src=\"https:\/\/zfrmz.com\/MRpwxtBYUuD3FA6V43r0\" width=\"99%\" height=\"500px\" frameborder=\"0\" allowfullscreen=\"allowfullscreen\"><\/iframe>\t\t\t\t<\/div>\n\t\t\t\t<\/div>\n\t\t\t\t<div class=\"elementor-element elementor-element-8340b30 elementor-widget elementor-widget-text-editor\" data-id=\"8340b30\" data-element_type=\"widget\" data-widget_type=\"text-editor.default\">\n\t\t\t\t<div class=\"elementor-widget-container\">\n\t\t\t\t\t\t\t\t\t<h4 style=\"text-align: center;\"><span style=\"color: #e94c81;\"><strong>APLICA ESTE TIP EN TU PROYECTO<\/strong><\/span><\/h4>\t\t\t\t\t\t\t\t<\/div>\n\t\t\t\t<\/div>\n\t\t\t\t<\/div>\n\t\t<div class=\"elementor-element elementor-element-8f4952d e-flex e-con-boxed e-con e-parent\" data-id=\"8f4952d\" data-element_type=\"container\">\n\t\t\t\t\t<div class=\"e-con-inner\">\n\t\t\t\t<div class=\"elementor-element elementor-element-6e88adf elementor-widget elementor-widget-text-editor\" data-id=\"6e88adf\" data-element_type=\"widget\" data-widget_type=\"text-editor.default\">\n\t\t\t\t<div class=\"elementor-widget-container\">\n\t\t\t\t\t\t\t\t\t<ul><li><span style=\"font-weight: 400;\">\ud83d\udcbb <\/span><strong><span style=\"color: #009988;\">PRACTICA<\/span><\/strong><span style=\"font-weight: 400;\"> con un experto en <\/span><strong><span style=\"color: #009988;\"><a style=\"color: #009988;\" href=\"https:\/\/mentorday.es\/revision-modelo-negocio-lean-canvas\/\" target=\"_blank\" rel=\"noopener\">el pr\u00f3ximo webinar pr\u00e1ctico.<\/a><\/span><\/strong><\/li><li><span style=\"font-weight: 400;\">\ud83d\udd0e <\/span><span style=\"font-weight: 400;\"><strong><span style=\"color: #009988;\">CONSULTA<\/span><\/strong> m\u00e1s TIPs relacionadas <\/span><span style=\"font-weight: 400;\">con este mismo <\/span><a href=\"https:\/\/mentorday.es\/wikitips\/category\/desarrollo-del-negocio-estrategia\/\" target=\"_blank\" rel=\"noopener\"><strong>tema.<\/strong><\/a><\/li><li><span style=\"font-weight: 400;\">\ud83d\udcd6 <strong><span style=\"color: #009988;\">AMPLIA<\/span><\/strong> tus conocimientos descargando<strong><a href=\"https:\/\/mentorday.es\/ebook-internacionalizacion\/\" target=\"_blank\" rel=\"noopener\"> este EBOOK<\/a> y <a href=\"https:\/\/mentorday.es\/ebook\/crea-modelo-negocio-valida-ajusta-mercado\/\" target=\"_blank\" rel=\"noopener\">este EBOOK.<\/a><\/strong><\/span><\/li><\/ul><h4 style=\"text-align: center;\"><span style=\"color: #e94c81;\"><b>PIENSA EN TI<\/b><\/span><\/h4><ul><li><span style=\"font-weight: 400;\">\u200d\ud83d\ude80 <span style=\"color: #009988;\"><strong>IMPULSA<\/strong><\/span> tu empresa en el pr\u00f3ximo<\/span> <strong><span style=\"color: #009988;\"><a style=\"color: #009988;\" href=\"https:\/\/mentorday.es\/modelo-mentor-day\/\" target=\"_blank\" rel=\"noopener\">programa de aceleraci\u00f3n<\/a>,<\/span> <span style=\"color: #009988;\">\u00a1<a style=\"color: #009988;\" href=\"https:\/\/mentorday.es\/inscripcion\/\" target=\"_blank\" rel=\"noopener\">reserva tu plaza ya<\/a>!.<\/span><\/strong><\/li><li><span style=\"font-weight: 400;\">\ud83e\udd41 <span style=\"color: #009988;\"><strong>PRACTICA<\/strong><\/span> con tu proyecto en este webinar pr\u00e1ctico, <span style=\"color: #009988;\"><strong>\u00a1<\/strong><\/span><\/span><span style=\"color: #009988;\"><strong><a style=\"color: #009988;\" href=\"https:\/\/mentorday.es\/webinar\/\" target=\"_blank\" rel=\"noopener\">solicita tu plaza<\/a><\/strong><span style=\"font-weight: 400;\"><strong>!<\/strong>.<\/span><\/span><\/li><li><span style=\"font-weight: 400;\">\ud83c\udf10 <span style=\"color: #009988;\"><strong>CONTACTA<\/strong> <\/span>con otros emprendedores y empresas, <strong><span style=\"color: #009988;\">\u00a1<\/span><\/strong><\/span><strong><span style=\"color: #009988;\"><a style=\"color: #009988;\" href=\"https:\/\/mentorday.es\/networkingonline-para-emprendedores\/\" target=\"_blank\" rel=\"noopener\">inscr\u00edbete<\/a> y participa en el pr\u00f3ximo Networking!.<\/span><\/strong><\/li><\/ul><h4 style=\"text-align: center;\"><span style=\"color: #e94c81;\"><b>PIENSA EN AYUDAR A LOS DEM\u00c1S<\/b><\/span><\/h4><ul><li><span style=\"font-weight: 400;\">\ud83e\udd1d<span style=\"color: #009988;\"><strong>COLABORA<\/strong><\/span> como voluntario: <\/span><span style=\"color: #009988;\"><strong><a style=\"color: #009988;\" href=\"https:\/\/mentorday.es\/experto-especialista\/\" target=\"_blank\" rel=\"noopener\">experto<\/a>,<a style=\"color: #009988;\" href=\"https:\/\/mentorday.es\/programa-de-formacion-para-mentores\/\" target=\"_blank\" rel=\"noopener\"> mentor<\/a>,<a style=\"color: #009988;\" href=\"https:\/\/mentorday.es\/mentor-invierte\/\" target=\"_blank\" rel=\"noopener\"> inversor<\/a>,<a style=\"color: #009988;\" href=\"https:\/\/mentorday.es\/entregar-premio\/\" target=\"_blank\" rel=\"noopener\"> premiando<\/a>,<a style=\"color: #009988;\" href=\"https:\/\/mentorday.es\/conviertete-influencer-mentor-day\/\" target=\"_blank\" rel=\"noopener\"> difundiendo<\/a>,<a style=\"color: #009988;\" href=\"https:\/\/mentorday.es\/innovacion-abierta-para-tu-empresa\/\" target=\"_blank\" rel=\"noopener\"> retando<\/a>,<a style=\"color: #009988;\" href=\"https:\/\/mentorday.es\/innovacion-abierta-para-tu-empresa\/\" target=\"_blank\" rel=\"noopener\"> innovando<\/a>,<a style=\"color: #009988;\" href=\"http:\/\/mentorday.es\/wikitips\/crea-tu-tip\/\" target=\"_blank\" rel=\"noopener\"> creando una TIP<\/a>\u2026<\/strong><\/span><\/li><li><span style=\"font-weight: 400;\">\ud83d\udcac<\/span> <span style=\"font-weight: 400;\"><span style=\"color: #009988;\"><strong>RECOMIENDA<\/strong><\/span> este programa para que llegue a m\u00e1s emprendedores<\/span><span style=\"font-weight: 400;\"> por Google.<\/span><\/li><li><strong>\ud83d\udc49 <a href=\"https:\/\/survey.zohopublic.com\/zs\/YECsd8\" target=\"_blank\" rel=\"noopener\"><span style=\"color: #009988;\">\u00a1COMPARTE tu aprendizaje!.<\/span><\/a><\/strong><\/li><li style=\"text-align: left;\"><strong>\ud83d\udcf2 <span style=\"color: #009988;\">REENV\u00cdA<\/span><\/strong> esta TIP \ud83d\udc47<\/li><\/ul>\t\t\t\t\t\t\t\t<\/div>\n\t\t\t\t<\/div>\n\t\t\t\t\t<\/div>\n\t\t\t\t<\/div>\n\t\t\t\t<\/div>\n\t\t","protected":false},"excerpt":{"rendered":"<p>Accede a las ayudas de Lanbide 2025 para financiar salarios y Seguridad Social en Centros Especiales de Empleo del Pa\u00eds Vasco. <\/p>\n","protected":false},"author":6,"featured_media":0,"comment_status":"open","ping_status":"open","sticky":false,"template":"","format":"standard","meta":{"footnotes":""},"categories":[1218],"tags":[1031,414,1020,1065,1032,417],"class_list":["post-109549","post","type-post","status-publish","format-standard","hentry","category-ayudas-y-subvenciones","tag-emprendedores","tag-financiacion-emprendedores","tag-financias","tag-innovacion","tag-negocio","tag-wikitip"],"_links":{"self":[{"href":"https:\/\/mentorday.es\/wikitips\/wp-json\/wp\/v2\/posts\/109549","targetHints":{"allow":["GET"]}}],"collection":[{"href":"https:\/\/mentorday.es\/wikitips\/wp-json\/wp\/v2\/posts"}],"about":[{"href":"https:\/\/mentorday.es\/wikitips\/wp-json\/wp\/v2\/types\/post"}],"author":[{"embeddable":true,"href":"https:\/\/mentorday.es\/wikitips\/wp-json\/wp\/v2\/users\/6"}],"replies":[{"embeddable":true,"href":"https:\/\/mentorday.es\/wikitips\/wp-json\/wp\/v2\/comments?post=109549"}],"version-history":[{"count":0,"href":"https:\/\/mentorday.es\/wikitips\/wp-json\/wp\/v2\/posts\/109549\/revisions"}],"wp:attachment":[{"href":"https:\/\/mentorday.es\/wikitips\/wp-json\/wp\/v2\/media?parent=109549"}],"wp:term":[{"taxonomy":"category","embeddable":true,"href":"https:\/\/mentorday.es\/wikitips\/wp-json\/wp\/v2\/categories?post=109549"},{"taxonomy":"post_tag","embeddable":true,"href":"https:\/\/mentorday.es\/wikitips\/wp-json\/wp\/v2\/tags?post=109549"}],"curies":[{"name":"wp","href":"https:\/\/api.w.org\/{rel}","templated":true}]}}