


{"id":109555,"date":"2025-03-05T12:30:50","date_gmt":"2025-03-05T12:30:50","guid":{"rendered":"https:\/\/mentorday.es\/wikitips\/?p=109555"},"modified":"2025-10-07T11:23:10","modified_gmt":"2025-10-07T11:23:10","slug":"ayudas-igcee-2025-para-la-creacion-de-empleo-en-centros-especiales-de-empleo","status":"publish","type":"post","link":"https:\/\/mentorday.es\/wikitips\/ayudas-igcee-2025-para-la-creacion-de-empleo-en-centros-especiales-de-empleo\/","title":{"rendered":"Ayudas IGCEE 2025 para la Creaci\u00f3n de Empleo en Centros Especiales de Empleo"},"content":{"rendered":"\t\t<div data-elementor-type=\"wp-post\" data-elementor-id=\"109555\" class=\"elementor elementor-109555\" data-elementor-post-type=\"post\">\n\t\t\t\t\t\t<section class=\"elementor-section elementor-top-section elementor-element elementor-element-6c98dde5 elementor-section-boxed elementor-section-height-default elementor-section-height-default\" data-id=\"6c98dde5\" data-element_type=\"section\">\n\t\t\t\t\t\t<div class=\"elementor-container elementor-column-gap-default\">\n\t\t\t\t\t<div class=\"elementor-column elementor-col-100 elementor-top-column elementor-element elementor-element-1076a75a\" data-id=\"1076a75a\" data-element_type=\"column\">\n\t\t\t<div class=\"elementor-widget-wrap elementor-element-populated\">\n\t\t\t\t\t\t<div class=\"elementor-element elementor-element-423817e elementor-toc--minimized-on-tablet elementor-widget elementor-widget-table-of-contents\" data-id=\"423817e\" data-element_type=\"widget\" data-settings=\"{&quot;headings_by_tags&quot;:[&quot;h2&quot;,&quot;h3&quot;],&quot;exclude_headings_by_selector&quot;:[],&quot;marker_view&quot;:&quot;numbers&quot;,&quot;no_headings_message&quot;:&quot;No se ha encontrado ning\\u00fan encabezado en esta p\\u00e1gina.&quot;,&quot;minimize_box&quot;:&quot;yes&quot;,&quot;minimized_on&quot;:&quot;tablet&quot;,&quot;hierarchical_view&quot;:&quot;yes&quot;,&quot;min_height&quot;:{&quot;unit&quot;:&quot;px&quot;,&quot;size&quot;:&quot;&quot;,&quot;sizes&quot;:[]},&quot;min_height_tablet&quot;:{&quot;unit&quot;:&quot;px&quot;,&quot;size&quot;:&quot;&quot;,&quot;sizes&quot;:[]},&quot;min_height_mobile&quot;:{&quot;unit&quot;:&quot;px&quot;,&quot;size&quot;:&quot;&quot;,&quot;sizes&quot;:[]}}\" data-widget_type=\"table-of-contents.default\">\n\t\t\t\t<div class=\"elementor-widget-container\">\n\t\t\t\t\t\t\t\t\t<div class=\"elementor-toc__header\">\n\t\t\t\t\t\t<h4 class=\"elementor-toc__header-title\">\n\t\t\t\tTabla de contenidos\t\t\t<\/h4>\n\t\t\t\t\t\t\t\t\t\t<div class=\"elementor-toc__toggle-button elementor-toc__toggle-button--expand\" role=\"button\" tabindex=\"0\" aria-controls=\"elementor-toc__423817e\" aria-expanded=\"true\" aria-label=\"Abrir la tabla de contenidos\"><i aria-hidden=\"true\" class=\"fas fa-chevron-down\"><\/i><\/div>\n\t\t\t\t<div class=\"elementor-toc__toggle-button elementor-toc__toggle-button--collapse\" role=\"button\" tabindex=\"0\" aria-controls=\"elementor-toc__423817e\" aria-expanded=\"true\" aria-label=\"Cerrar la tabla de contenidos\"><i aria-hidden=\"true\" class=\"fas fa-chevron-up\"><\/i><\/div>\n\t\t\t\t\t<\/div>\n\t\t\t\t<div id=\"elementor-toc__423817e\" class=\"elementor-toc__body\">\n\t\t\t<div class=\"elementor-toc__spinner-container\">\n\t\t\t\t<i class=\"elementor-toc__spinner eicon-animation-spin eicon-loading\" aria-hidden=\"true\"><\/i>\t\t\t<\/div>\n\t\t<\/div>\n\t\t\t\t\t\t<\/div>\n\t\t\t\t<\/div>\n\t\t\t\t<div class=\"elementor-element elementor-element-c788918 elementor-widget elementor-widget-text-editor\" data-id=\"c788918\" data-element_type=\"widget\" data-widget_type=\"text-editor.default\">\n\t\t\t\t<div class=\"elementor-widget-container\">\n\t\t\t\t\t\t\t\t\t<h1 data-start=\"92\" data-end=\"189\">\ud83d\udce2 Ayudas para la Inversi\u00f3n y Creaci\u00f3n de Empleo Estable en Centros Especiales de Empleo 2025<\/h1><h2 data-start=\"191\" data-end=\"278\">Subvenciones para fomentar el empleo de personas con discapacidad en el Pa\u00eds Vasco<\/h2><p data-start=\"280\" data-end=\"639\">Lanbide &#8211; Servicio Vasco de Empleo lanza la convocatoria IGCEE 2025 para impulsar la creaci\u00f3n de empleo estable en los Centros Especiales de Empleo de iniciativa social. Esta ayuda financia inversiones en activos y asistencias t\u00e9cnicas asociadas que generen nuevos puestos de trabajo para personas con discapacidad. Descubre c\u00f3mo acceder a esta oportunidad.<\/p><h3 data-start=\"641\" data-end=\"681\">\ud83d\udcbc 1. \u00bfEn qu\u00e9 consiste esta ayuda?<\/h3><p data-start=\"682\" data-end=\"888\">Esta subvenci\u00f3n est\u00e1 dirigida a <strong data-start=\"714\" data-end=\"773\">Centros Especiales de Empleo (CEE) de iniciativa social<\/strong>, con el objetivo de fomentar el empleo estable para personas con discapacidad mediante inversiones estrat\u00e9gicas.<\/p><ul data-start=\"890\" data-end=\"1476\"><li data-start=\"890\" data-end=\"945\"><strong data-start=\"892\" data-end=\"919\">Dotaci\u00f3n presupuestaria<\/strong>: 1.000.000 \u20ac para 2025.<\/li><li data-start=\"946\" data-end=\"1206\"><strong data-start=\"948\" data-end=\"971\">Importe de la ayuda<\/strong>:<ul data-start=\"977\" data-end=\"1206\"><li data-start=\"977\" data-end=\"1083\">12.000 \u20ac por contrataci\u00f3n indefinida si m\u00e1s del 90% de la plantilla son trabajadores con discapacidad.<\/li><li data-start=\"1086\" data-end=\"1142\">9.000 \u20ac si el porcentaje est\u00e1 entre el 70% y el 90%.<\/li><li data-start=\"1145\" data-end=\"1206\"><strong data-start=\"1147\" data-end=\"1169\">Incremento del 10%<\/strong> si la persona contratada es mujer.<\/li><\/ul><\/li><li data-start=\"1207\" data-end=\"1324\"><strong data-start=\"1209\" data-end=\"1228\">L\u00edmite de ayuda<\/strong>: Hasta 100.000 \u20ac por entidad beneficiaria y un m\u00e1ximo del 70% del gasto total subvencionable.<\/li><li data-start=\"1325\" data-end=\"1476\"><strong data-start=\"1327\" data-end=\"1344\">Forma de pago<\/strong>:<ul data-start=\"1350\" data-end=\"1476\"><li data-start=\"1350\" data-end=\"1392\"><strong data-start=\"1352\" data-end=\"1389\">20% en el momento de la concesi\u00f3n<\/strong>.<\/li><li data-start=\"1395\" data-end=\"1476\"><strong data-start=\"1397\" data-end=\"1431\">El resto tras la justificaci\u00f3n<\/strong> de la inversi\u00f3n y los contratos generados.<\/li><\/ul><\/li><\/ul><h3 data-start=\"1478\" data-end=\"1519\">\ud83d\udc65 2. \u00bfQui\u00e9nes pueden beneficiarse?<\/h3><p data-start=\"1520\" data-end=\"1785\">Esta ayuda est\u00e1 destinada exclusivamente a <strong data-start=\"1563\" data-end=\"1616\">Centros Especiales de Empleo de iniciativa social<\/strong> en el Pa\u00eds Vasco, inscritos en el Registro Vasco de Centros Especiales de Empleo y que realicen inversiones que generen empleo estable para personas con discapacidad.<\/p><p data-start=\"1787\" data-end=\"1831\"><strong data-start=\"1787\" data-end=\"1816\">\u00c1mbito de la convocatoria<\/strong>: Pa\u00eds Vasco.<\/p><h3 data-start=\"1833\" data-end=\"1868\">\ud83d\udcc4 3. C\u00f3mo solicitar la ayuda<\/h3><p data-start=\"1869\" data-end=\"1940\">Para acceder a la subvenci\u00f3n, las entidades deben seguir estos pasos:<\/p><ol data-start=\"1942\" data-end=\"2386\"><li data-start=\"1942\" data-end=\"2010\"><strong data-start=\"1945\" data-end=\"2007\">Registro y alta de la entidad en el \u00abRegistro de Terceros\u00bb<\/strong>.<\/li><li data-start=\"2011\" data-end=\"2161\"><strong data-start=\"2014\" data-end=\"2046\">Presentaci\u00f3n de la solicitud<\/strong> dentro del plazo establecido:<ul data-start=\"2082\" data-end=\"2161\"><li data-start=\"2082\" data-end=\"2119\"><strong data-start=\"2084\" data-end=\"2096\">Apertura<\/strong>: 7 de marzo de 2025.<\/li><li data-start=\"2123\" data-end=\"2161\"><strong data-start=\"2125\" data-end=\"2135\">Cierre<\/strong>: 31 de octubre de 2025.<\/li><\/ul><\/li><li data-start=\"2162\" data-end=\"2270\"><strong data-start=\"2165\" data-end=\"2198\">Justificaci\u00f3n de la inversi\u00f3n<\/strong> mediante documentaci\u00f3n que acredite los gastos y contratos generados.<\/li><li data-start=\"2271\" data-end=\"2386\"><strong data-start=\"2274\" data-end=\"2299\">Resoluci\u00f3n y recursos<\/strong>: Se notificar\u00e1 la resoluci\u00f3n y se podr\u00e1 presentar recurso en caso de disconformidad.<\/li><\/ol><h3 data-start=\"2388\" data-end=\"2434\">\ud83d\udd0d 4. Claves para optimizar la solicitud<\/h3><ul data-start=\"2435\" data-end=\"2910\"><li data-start=\"2435\" data-end=\"2546\"><strong data-start=\"2437\" data-end=\"2464\">Verifica los requisitos<\/strong> antes de presentar la solicitud para asegurarte de cumplir con las condiciones.<\/li><li data-start=\"2547\" data-end=\"2643\"><strong data-start=\"2549\" data-end=\"2597\">Prepara toda la documentaci\u00f3n con antelaci\u00f3n<\/strong>, incluyendo un plan de inversi\u00f3n detallado.<\/li><li data-start=\"2644\" data-end=\"2768\"><strong data-start=\"2646\" data-end=\"2685\">Maximiza el impacto de la inversi\u00f3n<\/strong>, asegurando que genere el mayor n\u00famero de empleos posibles dentro de la entidad.<\/li><li data-start=\"2769\" data-end=\"2910\"><strong data-start=\"2771\" data-end=\"2807\">Consulta con expertos o asesores<\/strong>, como MentorDay, para mejorar la presentaci\u00f3n de la solicitud y aumentar las posibilidades de \u00e9xito.<\/li><\/ul><h3 data-start=\"2912\" data-end=\"2930\">\u2705 Conclusi\u00f3n<\/h3><p data-start=\"2931\" data-end=\"3252\">La ayuda IGCEE 2025 es una excelente oportunidad para los Centros Especiales de Empleo de iniciativa social en el Pa\u00eds Vasco que buscan generar empleo estable para personas con discapacidad. Si tu entidad cumple los requisitos, <strong data-start=\"3159\" data-end=\"3246\">solicita esta subvenci\u00f3n y accede a financiaci\u00f3n para impulsar la inclusi\u00f3n laboral<\/strong>. \ud83d\ude80<\/p>\t\t\t\t\t\t\t\t<\/div>\n\t\t\t\t<\/div>\n\t\t\t\t\t<\/div>\n\t\t<\/div>\n\t\t\t\t\t<\/div>\n\t\t<\/section>\n\t\t<div class=\"elementor-element elementor-element-5533d49 e-con-full e-flex e-con e-parent\" data-id=\"5533d49\" data-element_type=\"container\">\n\t\t\t\t<div class=\"elementor-element elementor-element-887edda elementor-widget elementor-widget-mentorforms\" data-id=\"887edda\" data-element_type=\"widget\" data-widget_type=\"mentorforms.default\">\n\t\t\t\t<div class=\"elementor-widget-container\">\n\t\t\t\t\t<iframe aria-label=\"Quiz: Certificaciones para empresas\" src=\"https:\/\/zfrmz.com\/6x97t2PieGJemTOqb7MB\" width=\"99%\" height=\"500px\" frameborder=\"0\" allowfullscreen=\"allowfullscreen\"><\/iframe>\t\t\t\t<\/div>\n\t\t\t\t<\/div>\n\t\t\t\t<div class=\"elementor-element elementor-element-8340b30 elementor-widget elementor-widget-text-editor\" data-id=\"8340b30\" data-element_type=\"widget\" data-widget_type=\"text-editor.default\">\n\t\t\t\t<div class=\"elementor-widget-container\">\n\t\t\t\t\t\t\t\t\t<h4 style=\"text-align: center;\"><span style=\"color: #e94c81;\"><strong>APLICA ESTE TIP EN TU PROYECTO<\/strong><\/span><\/h4>\t\t\t\t\t\t\t\t<\/div>\n\t\t\t\t<\/div>\n\t\t\t\t<\/div>\n\t\t<div class=\"elementor-element elementor-element-8f4952d e-flex e-con-boxed e-con e-parent\" data-id=\"8f4952d\" data-element_type=\"container\">\n\t\t\t\t\t<div class=\"e-con-inner\">\n\t\t\t\t<div class=\"elementor-element elementor-element-6e88adf elementor-widget elementor-widget-text-editor\" data-id=\"6e88adf\" data-element_type=\"widget\" data-widget_type=\"text-editor.default\">\n\t\t\t\t<div class=\"elementor-widget-container\">\n\t\t\t\t\t\t\t\t\t<ul><li><span style=\"font-weight: 400;\">\ud83d\udcbb <\/span><strong><span style=\"color: #009988;\">PRACTICA<\/span><\/strong><span style=\"font-weight: 400;\"> con un experto en <\/span><strong><span style=\"color: #009988;\"><a style=\"color: #009988;\" href=\"https:\/\/mentorday.es\/revision-modelo-negocio-lean-canvas\/\" target=\"_blank\" rel=\"noopener\">el pr\u00f3ximo webinar pr\u00e1ctico.<\/a><\/span><\/strong><\/li><li><span style=\"font-weight: 400;\">\ud83d\udd0e <\/span><span style=\"font-weight: 400;\"><strong><span style=\"color: #009988;\">CONSULTA<\/span><\/strong> m\u00e1s TIPs relacionadas <\/span><span style=\"font-weight: 400;\">con este mismo <\/span><a href=\"https:\/\/mentorday.es\/wikitips\/category\/desarrollo-del-negocio-estrategia\/\" target=\"_blank\" rel=\"noopener\"><strong>tema.<\/strong><\/a><\/li><li><span style=\"font-weight: 400;\">\ud83d\udcd6 <strong><span style=\"color: #009988;\">AMPLIA<\/span><\/strong> tus conocimientos descargando<strong><a href=\"https:\/\/mentorday.es\/ebook-internacionalizacion\/\" target=\"_blank\" rel=\"noopener\"> este EBOOK<\/a> y <a href=\"https:\/\/mentorday.es\/ebook\/crea-modelo-negocio-valida-ajusta-mercado\/\" target=\"_blank\" rel=\"noopener\">este EBOOK.<\/a><\/strong><\/span><\/li><\/ul><h4 style=\"text-align: center;\"><span style=\"color: #e94c81;\"><b>PIENSA EN TI<\/b><\/span><\/h4><ul><li><span style=\"font-weight: 400;\">\u200d\ud83d\ude80 <span style=\"color: #009988;\"><strong>IMPULSA<\/strong><\/span> tu empresa en el pr\u00f3ximo<\/span> <strong><span style=\"color: #009988;\"><a style=\"color: #009988;\" href=\"https:\/\/mentorday.es\/modelo-mentor-day\/\" target=\"_blank\" rel=\"noopener\">programa de aceleraci\u00f3n<\/a>,<\/span> <span style=\"color: #009988;\">\u00a1<a style=\"color: #009988;\" href=\"https:\/\/mentorday.es\/inscripcion\/\" target=\"_blank\" rel=\"noopener\">reserva tu plaza ya<\/a>!.<\/span><\/strong><\/li><li><span style=\"font-weight: 400;\">\ud83e\udd41 <span style=\"color: #009988;\"><strong>PRACTICA<\/strong><\/span> con tu proyecto en este webinar pr\u00e1ctico, <span style=\"color: #009988;\"><strong>\u00a1<\/strong><\/span><\/span><span style=\"color: #009988;\"><strong><a style=\"color: #009988;\" href=\"https:\/\/mentorday.es\/webinar\/\" target=\"_blank\" rel=\"noopener\">solicita tu plaza<\/a><\/strong><span style=\"font-weight: 400;\"><strong>!<\/strong>.<\/span><\/span><\/li><li><span style=\"font-weight: 400;\">\ud83c\udf10 <span style=\"color: #009988;\"><strong>CONTACTA<\/strong> <\/span>con otros emprendedores y empresas, <strong><span style=\"color: #009988;\">\u00a1<\/span><\/strong><\/span><strong><span style=\"color: #009988;\"><a style=\"color: #009988;\" href=\"https:\/\/mentorday.es\/networkingonline-para-emprendedores\/\" target=\"_blank\" rel=\"noopener\">inscr\u00edbete<\/a> y participa en el pr\u00f3ximo Networking!.<\/span><\/strong><\/li><\/ul><h4 style=\"text-align: center;\"><span style=\"color: #e94c81;\"><b>PIENSA EN AYUDAR A LOS DEM\u00c1S<\/b><\/span><\/h4><ul><li><span style=\"font-weight: 400;\">\ud83e\udd1d<span style=\"color: #009988;\"><strong>COLABORA<\/strong><\/span> como voluntario: <\/span><span style=\"color: #009988;\"><strong><a style=\"color: #009988;\" href=\"https:\/\/mentorday.es\/experto-especialista\/\" target=\"_blank\" rel=\"noopener\">experto<\/a>,<a style=\"color: #009988;\" href=\"https:\/\/mentorday.es\/programa-de-formacion-para-mentores\/\" target=\"_blank\" rel=\"noopener\"> mentor<\/a>,<a style=\"color: #009988;\" href=\"https:\/\/mentorday.es\/mentor-invierte\/\" target=\"_blank\" rel=\"noopener\"> inversor<\/a>,<a style=\"color: #009988;\" href=\"https:\/\/mentorday.es\/entregar-premio\/\" target=\"_blank\" rel=\"noopener\"> premiando<\/a>,<a style=\"color: #009988;\" href=\"https:\/\/mentorday.es\/conviertete-influencer-mentor-day\/\" target=\"_blank\" rel=\"noopener\"> difundiendo<\/a>,<a style=\"color: #009988;\" href=\"https:\/\/mentorday.es\/innovacion-abierta-para-tu-empresa\/\" target=\"_blank\" rel=\"noopener\"> retando<\/a>,<a style=\"color: #009988;\" href=\"https:\/\/mentorday.es\/innovacion-abierta-para-tu-empresa\/\" target=\"_blank\" rel=\"noopener\"> innovando<\/a>,<a style=\"color: #009988;\" href=\"http:\/\/mentorday.es\/wikitips\/crea-tu-tip\/\" target=\"_blank\" rel=\"noopener\"> creando una TIP<\/a>\u2026<\/strong><\/span><\/li><li><span style=\"font-weight: 400;\">\ud83d\udcac<\/span> <span style=\"font-weight: 400;\"><span style=\"color: #009988;\"><strong>RECOMIENDA<\/strong><\/span> este programa para que llegue a m\u00e1s emprendedores<\/span><span style=\"font-weight: 400;\"> por Google.<\/span><\/li><li><strong>\ud83d\udc49 <a href=\"https:\/\/survey.zohopublic.com\/zs\/YECsd8\" target=\"_blank\" rel=\"noopener\"><span style=\"color: #009988;\">\u00a1COMPARTE tu aprendizaje!.<\/span><\/a><\/strong><\/li><li style=\"text-align: left;\"><strong>\ud83d\udcf2 <span style=\"color: #009988;\">REENV\u00cdA<\/span><\/strong> esta TIP \ud83d\udc47<\/li><\/ul>\t\t\t\t\t\t\t\t<\/div>\n\t\t\t\t<\/div>\n\t\t\t\t\t<\/div>\n\t\t\t\t<\/div>\n\t\t\t\t<\/div>\n\t\t","protected":false},"excerpt":{"rendered":"<p>Accede a las ayudas IGCEE 2025 para financiar inversiones y generar empleo estable para personas con discapacidad en Centros Especiales de Empleo. <\/p>\n","protected":false},"author":6,"featured_media":104571,"comment_status":"open","ping_status":"open","sticky":false,"template":"","format":"standard","meta":{"footnotes":""},"categories":[1218],"tags":[1031,414,1020,1065,1032,417],"class_list":["post-109555","post","type-post","status-publish","format-standard","has-post-thumbnail","hentry","category-ayudas-y-subvenciones","tag-emprendedores","tag-financiacion-emprendedores","tag-financias","tag-innovacion","tag-negocio","tag-wikitip"],"_links":{"self":[{"href":"https:\/\/mentorday.es\/wikitips\/wp-json\/wp\/v2\/posts\/109555","targetHints":{"allow":["GET"]}}],"collection":[{"href":"https:\/\/mentorday.es\/wikitips\/wp-json\/wp\/v2\/posts"}],"about":[{"href":"https:\/\/mentorday.es\/wikitips\/wp-json\/wp\/v2\/types\/post"}],"author":[{"embeddable":true,"href":"https:\/\/mentorday.es\/wikitips\/wp-json\/wp\/v2\/users\/6"}],"replies":[{"embeddable":true,"href":"https:\/\/mentorday.es\/wikitips\/wp-json\/wp\/v2\/comments?post=109555"}],"version-history":[{"count":0,"href":"https:\/\/mentorday.es\/wikitips\/wp-json\/wp\/v2\/posts\/109555\/revisions"}],"wp:featuredmedia":[{"embeddable":true,"href":"https:\/\/mentorday.es\/wikitips\/wp-json\/wp\/v2\/media\/104571"}],"wp:attachment":[{"href":"https:\/\/mentorday.es\/wikitips\/wp-json\/wp\/v2\/media?parent=109555"}],"wp:term":[{"taxonomy":"category","embeddable":true,"href":"https:\/\/mentorday.es\/wikitips\/wp-json\/wp\/v2\/categories?post=109555"},{"taxonomy":"post_tag","embeddable":true,"href":"https:\/\/mentorday.es\/wikitips\/wp-json\/wp\/v2\/tags?post=109555"}],"curies":[{"name":"wp","href":"https:\/\/api.w.org\/{rel}","templated":true}]}}