


{"id":109609,"date":"2025-03-06T12:45:10","date_gmt":"2025-03-06T12:45:10","guid":{"rendered":"https:\/\/mentorday.es\/wikitips\/?p=109609"},"modified":"2025-10-07T11:21:40","modified_gmt":"2025-10-07T11:21:40","slug":"premios-nacionales-innovacion-diseno-2025-candidaturas","status":"publish","type":"post","link":"https:\/\/mentorday.es\/wikitips\/premios-nacionales-innovacion-diseno-2025-candidaturas\/","title":{"rendered":"Premios Nacionales de Innovaci\u00f3n y Dise\u00f1o 2025"},"content":{"rendered":"\t\t<div data-elementor-type=\"wp-post\" data-elementor-id=\"109609\" class=\"elementor elementor-109609\" data-elementor-post-type=\"post\">\n\t\t\t\t\t\t<section class=\"elementor-section elementor-top-section elementor-element elementor-element-6c98dde5 elementor-section-boxed elementor-section-height-default elementor-section-height-default\" data-id=\"6c98dde5\" data-element_type=\"section\">\n\t\t\t\t\t\t<div class=\"elementor-container elementor-column-gap-default\">\n\t\t\t\t\t<div class=\"elementor-column elementor-col-100 elementor-top-column elementor-element elementor-element-1076a75a\" data-id=\"1076a75a\" data-element_type=\"column\">\n\t\t\t<div class=\"elementor-widget-wrap elementor-element-populated\">\n\t\t\t\t\t\t<div class=\"elementor-element elementor-element-423817e elementor-toc--minimized-on-tablet elementor-widget elementor-widget-table-of-contents\" data-id=\"423817e\" data-element_type=\"widget\" data-settings=\"{&quot;headings_by_tags&quot;:[&quot;h2&quot;,&quot;h3&quot;],&quot;exclude_headings_by_selector&quot;:[],&quot;marker_view&quot;:&quot;numbers&quot;,&quot;no_headings_message&quot;:&quot;No se ha encontrado ning\\u00fan encabezado en esta p\\u00e1gina.&quot;,&quot;minimize_box&quot;:&quot;yes&quot;,&quot;minimized_on&quot;:&quot;tablet&quot;,&quot;hierarchical_view&quot;:&quot;yes&quot;,&quot;min_height&quot;:{&quot;unit&quot;:&quot;px&quot;,&quot;size&quot;:&quot;&quot;,&quot;sizes&quot;:[]},&quot;min_height_tablet&quot;:{&quot;unit&quot;:&quot;px&quot;,&quot;size&quot;:&quot;&quot;,&quot;sizes&quot;:[]},&quot;min_height_mobile&quot;:{&quot;unit&quot;:&quot;px&quot;,&quot;size&quot;:&quot;&quot;,&quot;sizes&quot;:[]}}\" data-widget_type=\"table-of-contents.default\">\n\t\t\t\t<div class=\"elementor-widget-container\">\n\t\t\t\t\t\t\t\t\t<div class=\"elementor-toc__header\">\n\t\t\t\t\t\t<h4 class=\"elementor-toc__header-title\">\n\t\t\t\tTabla de contenidos\t\t\t<\/h4>\n\t\t\t\t\t\t\t\t\t\t<div class=\"elementor-toc__toggle-button elementor-toc__toggle-button--expand\" role=\"button\" tabindex=\"0\" aria-controls=\"elementor-toc__423817e\" aria-expanded=\"true\" aria-label=\"Abrir la tabla de contenidos\"><i aria-hidden=\"true\" class=\"fas fa-chevron-down\"><\/i><\/div>\n\t\t\t\t<div class=\"elementor-toc__toggle-button elementor-toc__toggle-button--collapse\" role=\"button\" tabindex=\"0\" aria-controls=\"elementor-toc__423817e\" aria-expanded=\"true\" aria-label=\"Cerrar la tabla de contenidos\"><i aria-hidden=\"true\" class=\"fas fa-chevron-up\"><\/i><\/div>\n\t\t\t\t\t<\/div>\n\t\t\t\t<div id=\"elementor-toc__423817e\" class=\"elementor-toc__body\">\n\t\t\t<div class=\"elementor-toc__spinner-container\">\n\t\t\t\t<i class=\"elementor-toc__spinner eicon-animation-spin eicon-loading\" aria-hidden=\"true\"><\/i>\t\t\t<\/div>\n\t\t<\/div>\n\t\t\t\t\t\t<\/div>\n\t\t\t\t<\/div>\n\t\t\t\t<div class=\"elementor-element elementor-element-c788918 elementor-widget elementor-widget-text-editor\" data-id=\"c788918\" data-element_type=\"widget\" data-widget_type=\"text-editor.default\">\n\t\t\t\t<div class=\"elementor-widget-container\">\n\t\t\t\t\t\t\t\t\t<h1 data-start=\"62\" data-end=\"154\">\ud83c\udfc6 Premios Nacionales de Innovaci\u00f3n y Dise\u00f1o 2025: \u00a1Reconocimiento al talento empresarial!<\/h1><h2 data-start=\"156\" data-end=\"214\">\u00bfQu\u00e9 son los Premios Nacionales de Innovaci\u00f3n y Dise\u00f1o?<\/h2><p data-start=\"216\" data-end=\"630\">Los <strong data-start=\"220\" data-end=\"270\">Premios Nacionales de Innovaci\u00f3n y Dise\u00f1o 2025<\/strong> reconocen a personas y empresas que han hecho de la innovaci\u00f3n y el dise\u00f1o pilares fundamentales de su crecimiento y competitividad. Organizados por el <strong data-start=\"423\" data-end=\"476\">Ministerio de Ciencia, Innovaci\u00f3n y Universidades<\/strong>, estos galardones destacan la labor de profesionales y entidades que impulsan el desarrollo empresarial a trav\u00e9s de la creatividad y la mejora constante.<\/p><h3 data-start=\"632\" data-end=\"669\">\ud83c\udfc5 1. \u00bfQui\u00e9nes pueden participar?<\/h3><p data-start=\"671\" data-end=\"832\">Estos premios est\u00e1n dirigidos a personas f\u00edsicas y jur\u00eddicas con una trayectoria destacada en innovaci\u00f3n o dise\u00f1o, siempre que cumplan los siguientes requisitos:<\/p><ul data-start=\"834\" data-end=\"1067\"><li data-start=\"834\" data-end=\"903\"><strong data-start=\"836\" data-end=\"856\">Personas f\u00edsicas<\/strong>: Nacionalidad espa\u00f1ola o residencia en Espa\u00f1a.<\/li><li data-start=\"904\" data-end=\"975\"><strong data-start=\"906\" data-end=\"918\">Empresas<\/strong>: Tener al menos un establecimiento permanente en Espa\u00f1a.<\/li><li data-start=\"976\" data-end=\"1067\"><strong data-start=\"978\" data-end=\"1002\">Actividad demostrada<\/strong> en innovaci\u00f3n o dise\u00f1o en Espa\u00f1a y reconocimiento internacional.<\/li><\/ul><p data-start=\"1069\" data-end=\"1093\">Las categor\u00edas incluyen:<\/p><ul data-start=\"1094\" data-end=\"1326\"><li data-start=\"1094\" data-end=\"1219\"><strong data-start=\"1096\" data-end=\"1110\">Innovaci\u00f3n<\/strong>: Trayectoria Innovadora, Gran Empresa Innovadora, Pyme Innovadora y Joven Talento Innovador (hasta 35 a\u00f1os).<\/li><li data-start=\"1220\" data-end=\"1326\"><strong data-start=\"1222\" data-end=\"1232\">Dise\u00f1o<\/strong>: Trayectoria en Dise\u00f1o, Dise\u00f1o y Empresa, y J\u00f3venes Profesionales del Dise\u00f1o (hasta 35 a\u00f1os).<\/li><\/ul><h3 data-start=\"1328\" data-end=\"1369\">\ud83d\udcb0 2. \u00bfCu\u00e1l es la dotaci\u00f3n econ\u00f3mica?<\/h3><p data-start=\"1371\" data-end=\"1474\">Aunque la mayor\u00eda de los premios son honor\u00edficos, algunas categor\u00edas cuentan con dotaciones econ\u00f3micas:<\/p><ul data-start=\"1476\" data-end=\"1655\"><li data-start=\"1476\" data-end=\"1528\"><strong data-start=\"1478\" data-end=\"1518\">Peque\u00f1a y Mediana Empresa Innovadora<\/strong>: 50.000 \u20ac<\/li><li data-start=\"1529\" data-end=\"1568\"><strong data-start=\"1531\" data-end=\"1558\">Joven Talento Innovador<\/strong>: 30.000 \u20ac<\/li><li data-start=\"1569\" data-end=\"1606\"><strong data-start=\"1571\" data-end=\"1596\">Trayectoria en Dise\u00f1o<\/strong>: 50.000 \u20ac<\/li><li data-start=\"1607\" data-end=\"1655\"><strong data-start=\"1609\" data-end=\"1645\">J\u00f3venes Profesionales del Dise\u00f1o<\/strong>: 30.000 \u20ac<\/li><\/ul><h3 data-start=\"1657\" data-end=\"1707\">\ud83d\udcc5 3. \u00bfC\u00f3mo y cu\u00e1ndo presentar la candidatura?<\/h3><p data-start=\"1709\" data-end=\"1909\">Las candidaturas deben presentarse <strong data-start=\"1744\" data-end=\"1768\">de forma electr\u00f3nica<\/strong> a trav\u00e9s del portal del Ministerio de Ciencia, Innovaci\u00f3n y Universidades:<br data-start=\"1843\" data-end=\"1846\" \/>\ud83d\udd17 <a href=\"https:\/\/ciencia.sede.gob.es\/\" target=\"_new\" rel=\"noopener\" data-start=\"1849\" data-end=\"1909\">https:\/\/ciencia.sede.gob.es\/<\/a><\/p><ul data-start=\"1911\" data-end=\"2053\"><li data-start=\"1911\" data-end=\"2053\"><strong data-start=\"1913\" data-end=\"1937\">Plazo de inscripci\u00f3n<\/strong>: Desde el d\u00eda siguiente a la publicaci\u00f3n en el BOE hasta las <strong data-start=\"1999\" data-end=\"2034\">15:00 h del 24 de abril de 2025<\/strong> (hora peninsular).<\/li><\/ul><h3 data-start=\"2055\" data-end=\"2085\">\ud83d\ude80 4. \u00bfPor qu\u00e9 participar?<\/h3><p data-start=\"2087\" data-end=\"2194\">Ganar un <strong data-start=\"2096\" data-end=\"2138\">Premio Nacional de Innovaci\u00f3n o Dise\u00f1o<\/strong> no solo es un reconocimiento oficial, sino que tambi\u00e9n:<\/p><p data-start=\"2196\" data-end=\"2413\">\u2705 Aumenta la visibilidad y el prestigio de tu empresa o trayectoria.<br data-start=\"2264\" data-end=\"2267\" \/>\u2705 Facilita el acceso a nuevas oportunidades y colaboraciones estrat\u00e9gicas.<br data-start=\"2341\" data-end=\"2344\" \/>\u2705 Refuerza tu imagen como referente en innovaci\u00f3n y dise\u00f1o en Espa\u00f1a.<\/p><p data-start=\"2415\" data-end=\"2484\">Si cumples con los requisitos, \u00a1no dejes pasar esta oportunidad! \ud83d\udce2<\/p><p data-start=\"2486\" data-end=\"2721\">\ud83d\udce9 <strong data-start=\"2489\" data-end=\"2525\">Consulta la convocatoria oficial<\/strong> y presenta tu candidatura antes de la fecha l\u00edmite:<br data-start=\"2577\" data-end=\"2580\" \/>\ud83d\udd17 <a target=\"_new\" rel=\"noopener\" data-start=\"2583\" data-end=\"2721\">https:\/\/www.infosubvenciones.es\/bdnstrans\/GE\/es\/convocatoria\/817801<\/a><\/p>\t\t\t\t\t\t\t\t<\/div>\n\t\t\t\t<\/div>\n\t\t\t\t\t<\/div>\n\t\t<\/div>\n\t\t\t\t\t<\/div>\n\t\t<\/section>\n\t\t<div class=\"elementor-element elementor-element-5533d49 e-con-full e-flex e-con e-parent\" data-id=\"5533d49\" data-element_type=\"container\">\n\t\t\t\t<div class=\"elementor-element elementor-element-b6ec0f8 elementor-widget elementor-widget-mentorforms\" data-id=\"b6ec0f8\" data-element_type=\"widget\" data-widget_type=\"mentorforms.default\">\n\t\t\t\t<div class=\"elementor-widget-container\">\n\t\t\t\t\t<iframe aria-label=\"Quiz: Certificaciones para empresas\" src=\"https:\/\/zfrmz.com\/WmVrca4nfkwG0S0CKjEd\" width=\"99%\" height=\"500px\" frameborder=\"0\" allowfullscreen=\"allowfullscreen\"><\/iframe>\t\t\t\t<\/div>\n\t\t\t\t<\/div>\n\t\t\t\t<div class=\"elementor-element elementor-element-8340b30 elementor-widget elementor-widget-text-editor\" data-id=\"8340b30\" data-element_type=\"widget\" data-widget_type=\"text-editor.default\">\n\t\t\t\t<div class=\"elementor-widget-container\">\n\t\t\t\t\t\t\t\t\t<h4 style=\"text-align: center;\"><span style=\"color: #e94c81;\"><strong>APLICA ESTE TIP EN TU PROYECTO<\/strong><\/span><\/h4>\t\t\t\t\t\t\t\t<\/div>\n\t\t\t\t<\/div>\n\t\t\t\t<\/div>\n\t\t<div class=\"elementor-element elementor-element-8f4952d e-flex e-con-boxed e-con e-parent\" data-id=\"8f4952d\" data-element_type=\"container\">\n\t\t\t\t\t<div class=\"e-con-inner\">\n\t\t\t\t<div class=\"elementor-element elementor-element-6e88adf elementor-widget elementor-widget-text-editor\" data-id=\"6e88adf\" data-element_type=\"widget\" data-widget_type=\"text-editor.default\">\n\t\t\t\t<div class=\"elementor-widget-container\">\n\t\t\t\t\t\t\t\t\t<ul><li><span style=\"font-weight: 400;\">\ud83d\udcbb <\/span><strong><span style=\"color: #009988;\">PRACTICA<\/span><\/strong><span style=\"font-weight: 400;\"> con un experto en <\/span><strong><span style=\"color: #009988;\"><a style=\"color: #009988;\" href=\"https:\/\/mentorday.es\/revision-modelo-negocio-lean-canvas\/\" target=\"_blank\" rel=\"noopener\">el pr\u00f3ximo webinar pr\u00e1ctico.<\/a><\/span><\/strong><\/li><li><span style=\"font-weight: 400;\">\ud83d\udd0e <\/span><span style=\"font-weight: 400;\"><strong><span style=\"color: #009988;\">CONSULTA<\/span><\/strong> m\u00e1s TIPs relacionadas <\/span><span style=\"font-weight: 400;\">con este mismo <\/span><a href=\"https:\/\/mentorday.es\/wikitips\/category\/desarrollo-del-negocio-estrategia\/\" target=\"_blank\" rel=\"noopener\"><strong>tema.<\/strong><\/a><\/li><li><span style=\"font-weight: 400;\">\ud83d\udcd6 <strong><span style=\"color: #009988;\">AMPLIA<\/span><\/strong> tus conocimientos descargando<strong><a href=\"https:\/\/mentorday.es\/ebook-internacionalizacion\/\" target=\"_blank\" rel=\"noopener\"> este EBOOK<\/a> y <a href=\"https:\/\/mentorday.es\/ebook\/crea-modelo-negocio-valida-ajusta-mercado\/\" target=\"_blank\" rel=\"noopener\">este EBOOK.<\/a><\/strong><\/span><\/li><\/ul><h4 style=\"text-align: center;\"><span style=\"color: #e94c81;\"><b>PIENSA EN TI<\/b><\/span><\/h4><ul><li><span style=\"font-weight: 400;\">\u200d\ud83d\ude80 <span style=\"color: #009988;\"><strong>IMPULSA<\/strong><\/span> tu empresa en el pr\u00f3ximo<\/span> <strong><span style=\"color: #009988;\"><a style=\"color: #009988;\" href=\"https:\/\/mentorday.es\/modelo-mentor-day\/\" target=\"_blank\" rel=\"noopener\">programa de aceleraci\u00f3n<\/a>,<\/span> <span style=\"color: #009988;\">\u00a1<a style=\"color: #009988;\" href=\"https:\/\/mentorday.es\/inscripcion\/\" target=\"_blank\" rel=\"noopener\">reserva tu plaza ya<\/a>!.<\/span><\/strong><\/li><li><span style=\"font-weight: 400;\">\ud83e\udd41 <span style=\"color: #009988;\"><strong>PRACTICA<\/strong><\/span> con tu proyecto en este webinar pr\u00e1ctico, <span style=\"color: #009988;\"><strong>\u00a1<\/strong><\/span><\/span><span style=\"color: #009988;\"><strong><a style=\"color: #009988;\" href=\"https:\/\/mentorday.es\/webinar\/\" target=\"_blank\" rel=\"noopener\">solicita tu plaza<\/a><\/strong><span style=\"font-weight: 400;\"><strong>!<\/strong>.<\/span><\/span><\/li><li><span style=\"font-weight: 400;\">\ud83c\udf10 <span style=\"color: #009988;\"><strong>CONTACTA<\/strong> <\/span>con otros emprendedores y empresas, <strong><span style=\"color: #009988;\">\u00a1<\/span><\/strong><\/span><strong><span style=\"color: #009988;\"><a style=\"color: #009988;\" href=\"https:\/\/mentorday.es\/networkingonline-para-emprendedores\/\" target=\"_blank\" rel=\"noopener\">inscr\u00edbete<\/a> y participa en el pr\u00f3ximo Networking!.<\/span><\/strong><\/li><\/ul><h4 style=\"text-align: center;\"><span style=\"color: #e94c81;\"><b>PIENSA EN AYUDAR A LOS DEM\u00c1S<\/b><\/span><\/h4><ul><li><span style=\"font-weight: 400;\">\ud83e\udd1d<span style=\"color: #009988;\"><strong>COLABORA<\/strong><\/span> como voluntario: <\/span><span style=\"color: #009988;\"><strong><a style=\"color: #009988;\" href=\"https:\/\/mentorday.es\/experto-especialista\/\" target=\"_blank\" rel=\"noopener\">experto<\/a>,<a style=\"color: #009988;\" href=\"https:\/\/mentorday.es\/programa-de-formacion-para-mentores\/\" target=\"_blank\" rel=\"noopener\"> mentor<\/a>,<a style=\"color: #009988;\" href=\"https:\/\/mentorday.es\/mentor-invierte\/\" target=\"_blank\" rel=\"noopener\"> inversor<\/a>,<a style=\"color: #009988;\" href=\"https:\/\/mentorday.es\/entregar-premio\/\" target=\"_blank\" rel=\"noopener\"> premiando<\/a>,<a style=\"color: #009988;\" href=\"https:\/\/mentorday.es\/conviertete-influencer-mentor-day\/\" target=\"_blank\" rel=\"noopener\"> difundiendo<\/a>,<a style=\"color: #009988;\" href=\"https:\/\/mentorday.es\/innovacion-abierta-para-tu-empresa\/\" target=\"_blank\" rel=\"noopener\"> retando<\/a>,<a style=\"color: #009988;\" href=\"https:\/\/mentorday.es\/innovacion-abierta-para-tu-empresa\/\" target=\"_blank\" rel=\"noopener\"> innovando<\/a>,<a style=\"color: #009988;\" href=\"http:\/\/mentorday.es\/wikitips\/crea-tu-tip\/\" target=\"_blank\" rel=\"noopener\"> creando una TIP<\/a>\u2026<\/strong><\/span><\/li><li><span style=\"font-weight: 400;\">\ud83d\udcac<\/span> <span style=\"font-weight: 400;\"><span style=\"color: #009988;\"><strong>RECOMIENDA<\/strong><\/span> este programa para que llegue a m\u00e1s emprendedores<\/span><span style=\"font-weight: 400;\"> por Google.<\/span><\/li><li><strong>\ud83d\udc49 <a href=\"https:\/\/survey.zohopublic.com\/zs\/YECsd8\" target=\"_blank\" rel=\"noopener\"><span style=\"color: #009988;\">\u00a1COMPARTE tu aprendizaje!.<\/span><\/a><\/strong><\/li><li style=\"text-align: left;\"><strong>\ud83d\udcf2 <span style=\"color: #009988;\">REENV\u00cdA<\/span><\/strong> esta TIP \ud83d\udc47<\/li><\/ul>\t\t\t\t\t\t\t\t<\/div>\n\t\t\t\t<\/div>\n\t\t\t\t\t<\/div>\n\t\t\t\t<\/div>\n\t\t\t\t<\/div>\n\t\t","protected":false},"excerpt":{"rendered":"<p>Premios Nacionales de Innovaci\u00f3n y Dise\u00f1o 2025: reconoce tu talento en innovaci\u00f3n y dise\u00f1o. \u00a1Consulta requisitos y presenta tu candidatura antes del 24 de abril!<\/p>\n","protected":false},"author":6,"featured_media":0,"comment_status":"open","ping_status":"open","sticky":false,"template":"","format":"standard","meta":{"footnotes":""},"categories":[1218],"tags":[1031,414,1020,1065,1032,417],"class_list":["post-109609","post","type-post","status-publish","format-standard","hentry","category-ayudas-y-subvenciones","tag-emprendedores","tag-financiacion-emprendedores","tag-financias","tag-innovacion","tag-negocio","tag-wikitip"],"_links":{"self":[{"href":"https:\/\/mentorday.es\/wikitips\/wp-json\/wp\/v2\/posts\/109609","targetHints":{"allow":["GET"]}}],"collection":[{"href":"https:\/\/mentorday.es\/wikitips\/wp-json\/wp\/v2\/posts"}],"about":[{"href":"https:\/\/mentorday.es\/wikitips\/wp-json\/wp\/v2\/types\/post"}],"author":[{"embeddable":true,"href":"https:\/\/mentorday.es\/wikitips\/wp-json\/wp\/v2\/users\/6"}],"replies":[{"embeddable":true,"href":"https:\/\/mentorday.es\/wikitips\/wp-json\/wp\/v2\/comments?post=109609"}],"version-history":[{"count":0,"href":"https:\/\/mentorday.es\/wikitips\/wp-json\/wp\/v2\/posts\/109609\/revisions"}],"wp:attachment":[{"href":"https:\/\/mentorday.es\/wikitips\/wp-json\/wp\/v2\/media?parent=109609"}],"wp:term":[{"taxonomy":"category","embeddable":true,"href":"https:\/\/mentorday.es\/wikitips\/wp-json\/wp\/v2\/categories?post=109609"},{"taxonomy":"post_tag","embeddable":true,"href":"https:\/\/mentorday.es\/wikitips\/wp-json\/wp\/v2\/tags?post=109609"}],"curies":[{"name":"wp","href":"https:\/\/api.w.org\/{rel}","templated":true}]}}