{"id":109631,"date":"2025-03-06T13:45:40","date_gmt":"2025-03-06T13:45:40","guid":{"rendered":"https:\/\/mentorday.es\/wikitips\/?p=109631"},"modified":"2025-10-08T14:41:51","modified_gmt":"2025-10-08T14:41:51","slug":"digitalxborder-nuevos-retos-formacion-digitalizacion-pymes","status":"publish","type":"post","link":"https:\/\/mentorday.es\/wikitips\/digitalxborder-nuevos-retos-formacion-digitalizacion-pymes\/","title":{"rendered":"DigitalXBorder Nuevos Retos: Formaci\u00f3n para CEOs de pymes en digitalizaci\u00f3n y crecimiento global"},"content":{"rendered":"\t\t<div data-elementor-type=\"wp-post\" data-elementor-id=\"109631\" class=\"elementor elementor-109631\" data-elementor-post-type=\"post\">\n\t\t\t\t\t\t<section class=\"elementor-section elementor-top-section elementor-element elementor-element-6c98dde5 elementor-section-boxed elementor-section-height-default elementor-section-height-default\" data-id=\"6c98dde5\" data-element_type=\"section\">\n\t\t\t\t\t\t<div class=\"elementor-container elementor-column-gap-default\">\n\t\t\t\t\t<div class=\"elementor-column elementor-col-100 elementor-top-column elementor-element elementor-element-1076a75a\" data-id=\"1076a75a\" data-element_type=\"column\">\n\t\t\t<div class=\"elementor-widget-wrap elementor-element-populated\">\n\t\t\t\t\t\t<div class=\"elementor-element elementor-element-423817e elementor-toc--minimized-on-tablet elementor-widget elementor-widget-table-of-contents\" data-id=\"423817e\" data-element_type=\"widget\" data-settings=\"{&quot;headings_by_tags&quot;:[&quot;h2&quot;,&quot;h3&quot;],&quot;exclude_headings_by_selector&quot;:[],&quot;marker_view&quot;:&quot;numbers&quot;,&quot;no_headings_message&quot;:&quot;No se ha encontrado ning\\u00fan encabezado en esta p\\u00e1gina.&quot;,&quot;minimize_box&quot;:&quot;yes&quot;,&quot;minimized_on&quot;:&quot;tablet&quot;,&quot;hierarchical_view&quot;:&quot;yes&quot;,&quot;min_height&quot;:{&quot;unit&quot;:&quot;px&quot;,&quot;size&quot;:&quot;&quot;,&quot;sizes&quot;:[]},&quot;min_height_tablet&quot;:{&quot;unit&quot;:&quot;px&quot;,&quot;size&quot;:&quot;&quot;,&quot;sizes&quot;:[]},&quot;min_height_mobile&quot;:{&quot;unit&quot;:&quot;px&quot;,&quot;size&quot;:&quot;&quot;,&quot;sizes&quot;:[]}}\" data-widget_type=\"table-of-contents.default\">\n\t\t\t\t<div class=\"elementor-widget-container\">\n\t\t\t\t\t\t\t\t\t<div class=\"elementor-toc__header\">\n\t\t\t\t\t\t<h4 class=\"elementor-toc__header-title\">\n\t\t\t\tTabla de contenidos\t\t\t<\/h4>\n\t\t\t\t\t\t\t\t\t\t<div class=\"elementor-toc__toggle-button elementor-toc__toggle-button--expand\" role=\"button\" tabindex=\"0\" aria-controls=\"elementor-toc__423817e\" aria-expanded=\"true\" aria-label=\"Abrir la tabla de contenidos\"><i aria-hidden=\"true\" class=\"fas fa-chevron-down\"><\/i><\/div>\n\t\t\t\t<div class=\"elementor-toc__toggle-button elementor-toc__toggle-button--collapse\" role=\"button\" tabindex=\"0\" aria-controls=\"elementor-toc__423817e\" aria-expanded=\"true\" aria-label=\"Cerrar la tabla de contenidos\"><i aria-hidden=\"true\" class=\"fas fa-chevron-up\"><\/i><\/div>\n\t\t\t\t\t<\/div>\n\t\t\t\t<div id=\"elementor-toc__423817e\" class=\"elementor-toc__body\">\n\t\t\t<div class=\"elementor-toc__spinner-container\">\n\t\t\t\t<i class=\"elementor-toc__spinner eicon-animation-spin eicon-loading\" aria-hidden=\"true\"><\/i>\t\t\t<\/div>\n\t\t<\/div>\n\t\t\t\t\t\t<\/div>\n\t\t\t\t<\/div>\n\t\t\n\n\n\t\t<div class=\"elementor-element elementor-element-c788918 elementor-widget elementor-widget-text-editor\" data-id=\"c788918\" data-element_type=\"widget\" data-widget_type=\"text-editor.default\">\n\t\t\t\t<div class=\"elementor-widget-container\">\n\t\t\t\t\t\t\t\t\t<h1 data-start=\"59\" data-end=\"161\"><strong data-start=\"61\" data-end=\"159\">DigitalXBorder Nuevos Retos: Impulsa la digitalizaci\u00f3n y expansi\u00f3n internacional de tu empresa<\/strong><\/h1><h2 data-start=\"163\" data-end=\"241\"><strong data-start=\"166\" data-end=\"239\">Un programa de formaci\u00f3n para CEOs de pymes en transformaci\u00f3n digital<\/strong><\/h2><p data-start=\"243\" data-end=\"790\">El programa <strong data-start=\"255\" data-end=\"286\">DigitalXBorder Nuevos Retos<\/strong>, impulsado por la <strong data-start=\"305\" data-end=\"349\">Escuela de Organizaci\u00f3n Industrial (EOI)<\/strong>, <strong data-start=\"351\" data-end=\"392\">ICEX Espa\u00f1a Exportaci\u00f3n e Inversiones<\/strong> y <strong data-start=\"395\" data-end=\"407\">Adigital<\/strong>, tiene como objetivo ayudar a los CEOs de pymes a <strong data-start=\"458\" data-end=\"526\">adoptar estrategias digitales y expandirse a nivel internacional<\/strong>. Este programa gratuito y cofinanciado por el <strong data-start=\"573\" data-end=\"610\">Ministerio de Industria y Turismo<\/strong> y el <strong data-start=\"616\" data-end=\"645\">Fondo Social Europeo Plus<\/strong> recorrer\u00e1 <strong data-start=\"656\" data-end=\"699\">24 ciudades espa\u00f1olas entre 2025 y 2027<\/strong>, ofreciendo formaci\u00f3n intensiva en digitalizaci\u00f3n, innovaci\u00f3n y crecimiento empresarial.<\/p><hr data-start=\"792\" data-end=\"795\" \/><h2 data-start=\"797\" data-end=\"857\"><strong data-start=\"800\" data-end=\"855\">\ud83d\udccc 1. \u00bfEn qu\u00e9 consiste DigitalXBorder Nuevos Retos?<\/strong><\/h2><p data-start=\"859\" data-end=\"1036\">Se trata de un <strong data-start=\"874\" data-end=\"907\">programa de inmersi\u00f3n digital<\/strong> dise\u00f1ado espec\u00edficamente para CEOs de pymes que buscan transformar su modelo de negocio y adaptarse al entorno digital global.<\/p><p data-start=\"1038\" data-end=\"1352\">\ud83d\udca1 <strong data-start=\"1041\" data-end=\"1068\">Principales beneficios:<\/strong><br data-start=\"1068\" data-end=\"1071\" \/>\u2714\ufe0f 56 horas de formaci\u00f3n en 7 jornadas intensivas.<br data-start=\"1121\" data-end=\"1124\" \/>\u2714\ufe0f Acceso a expertos en tecnolog\u00eda, negocios y estrategias digitales.<br data-start=\"1193\" data-end=\"1196\" \/>\u2714\ufe0f Creaci\u00f3n de un plan de acci\u00f3n personalizado para la digitalizaci\u00f3n y expansi\u00f3n internacional.<br data-start=\"1292\" data-end=\"1295\" \/>\u2714\ufe0f Formaci\u00f3n sin coste para las empresas seleccionadas.<\/p><p data-start=\"1354\" data-end=\"1514\">El programa abarca <strong data-start=\"1373\" data-end=\"1486\">transformaci\u00f3n digital, inteligencia artificial, crecimiento empresarial, regulaci\u00f3n digital y ciberseguridad<\/strong>, entre otros temas clave.<\/p><hr data-start=\"1516\" data-end=\"1519\" \/><h2 data-start=\"1521\" data-end=\"1586\"><strong data-start=\"1524\" data-end=\"1584\">\ud83c\udf0d 2. \u00bfEn qu\u00e9 ciudades se impartir\u00e1 el programa en 2025?<\/strong><\/h2><p data-start=\"1588\" data-end=\"1680\">DigitalXBorder visitar\u00e1 <strong data-start=\"1612\" data-end=\"1635\">10 ciudades en 2025<\/strong>, ofreciendo formaci\u00f3n exclusiva para CEOs:<\/p><p data-start=\"1682\" data-end=\"2001\">\ud83d\udccd <strong data-start=\"1685\" data-end=\"1695\">Madrid<\/strong> (13 de marzo)<br data-start=\"1709\" data-end=\"1712\" \/>\ud83d\udccd <strong data-start=\"1715\" data-end=\"1727\">Tenerife<\/strong> (18 de marzo)<br data-start=\"1741\" data-end=\"1744\" \/>\ud83d\udccd <strong data-start=\"1747\" data-end=\"1759\">Alicante<\/strong> (1 de abril)<br data-start=\"1772\" data-end=\"1775\" \/>\ud83d\udccd <strong data-start=\"1778\" data-end=\"1790\">A Coru\u00f1a<\/strong> (29 de abril)<br data-start=\"1804\" data-end=\"1807\" \/>\ud83d\udccd <strong data-start=\"1810\" data-end=\"1820\">Girona<\/strong> (15 de mayo)<br data-start=\"1833\" data-end=\"1836\" \/>\ud83d\udccd <strong data-start=\"1839\" data-end=\"1853\">Valladolid<\/strong> (22 de mayo)<br data-start=\"1866\" data-end=\"1869\" \/>\ud83d\udccd <strong data-start=\"1872\" data-end=\"1885\">Cantabria<\/strong> (18 de septiembre)<br data-start=\"1904\" data-end=\"1907\" \/>\ud83d\udccd <strong data-start=\"1910\" data-end=\"1922\" data-is-only-node=\"\">Pamplona<\/strong> (2 de octubre)<br data-start=\"1937\" data-end=\"1940\" \/>\ud83d\udccd <strong data-start=\"1943\" data-end=\"1952\">Gij\u00f3n<\/strong> (9 de octubre)<br data-start=\"1967\" data-end=\"1970\" \/>\ud83d\udccd <strong data-start=\"1973\" data-end=\"1983\">M\u00e1laga<\/strong> (16 de octubre)<\/p><p data-start=\"2003\" data-end=\"2172\">Cada sesi\u00f3n permitir\u00e1 a los participantes conectar con <strong data-start=\"2058\" data-end=\"2102\">l\u00edderes del sector digital y empresarial<\/strong>, facilitando su proceso de modernizaci\u00f3n y expansi\u00f3n internacional.<\/p><hr data-start=\"2174\" data-end=\"2177\" \/><h2 data-start=\"2179\" data-end=\"2228\"><strong data-start=\"2182\" data-end=\"2226\">\ud83d\ude80 3. \u00bfQu\u00e9 aprender\u00e1s en DigitalXBorder?<\/strong><\/h2><p data-start=\"2230\" data-end=\"2410\">El programa est\u00e1 dise\u00f1ado para proporcionar a los CEOs herramientas pr\u00e1cticas para <strong data-start=\"2313\" data-end=\"2359\">acelerar la digitalizaci\u00f3n de sus empresas<\/strong>. Algunos de los temas que se abordar\u00e1n incluyen:<\/p><p data-start=\"2412\" data-end=\"2739\">\u2714\ufe0f <strong data-start=\"2415\" data-end=\"2475\">Transformaci\u00f3n digital y modelos de negocio innovadores.<\/strong><br data-start=\"2475\" data-end=\"2478\" \/>\u2714\ufe0f <strong data-start=\"2481\" data-end=\"2537\">Crecimiento y expansi\u00f3n en mercados internacionales.<\/strong><br data-start=\"2537\" data-end=\"2540\" \/>\u2714\ufe0f <strong data-start=\"2543\" data-end=\"2607\">Uso estrat\u00e9gico de la inteligencia artificial en la empresa.<\/strong><br data-start=\"2607\" data-end=\"2610\" \/>\u2714\ufe0f <strong data-start=\"2613\" data-end=\"2678\">Regulaci\u00f3n digital y ciberseguridad como ventaja competitiva.<\/strong><br data-start=\"2678\" data-end=\"2681\" \/>\u2714\ufe0f <strong data-start=\"2684\" data-end=\"2737\">Estrategias de alianzas y networking empresarial.<\/strong><\/p><p data-start=\"2741\" data-end=\"2864\">Este enfoque integral permitir\u00e1 a los participantes <strong data-start=\"2793\" data-end=\"2861\">convertir los desaf\u00edos digitales en oportunidades de crecimiento<\/strong>.<\/p><hr data-start=\"2866\" data-end=\"2869\" \/><h2 data-start=\"2871\" data-end=\"2937\"><strong data-start=\"2874\" data-end=\"2935\">\ud83d\udcc8 4. \u00bfPor qu\u00e9 es clave la digitalizaci\u00f3n para las pymes?<\/strong><\/h2><p data-start=\"2939\" data-end=\"3069\">Los expertos del sector han resaltado la importancia de la digitalizaci\u00f3n para mejorar la competitividad de las pymes espa\u00f1olas.<\/p><p data-start=\"3071\" data-end=\"3288\"><strong data-start=\"3071\" data-end=\"3085\">Jos\u00e9 Bay\u00f3n<\/strong>, director general de la EOI, destaca que la <strong data-start=\"3130\" data-end=\"3198\">inteligencia artificial est\u00e1 redefiniendo los modelos de negocio<\/strong> y que el programa ayudar\u00e1 a los participantes a integrar esta tecnolog\u00eda en su empresa.<\/p><p data-start=\"3290\" data-end=\"3552\"><strong data-start=\"3290\" data-end=\"3306\">Susana Voces<\/strong>, presidenta de Adigital, enfatiza que <strong data-start=\"3345\" data-end=\"3421\">la digitalizaci\u00f3n es clave para el crecimiento y la internacionalizaci\u00f3n<\/strong>, y que es fundamental que los l\u00edderes empresariales cuenten con formaci\u00f3n y herramientas para modernizar sus modelos de negocio.<\/p><p data-start=\"3554\" data-end=\"3727\"><strong data-start=\"3554\" data-end=\"3580\">Amparo L\u00f3pez Senovilla<\/strong>, presidenta de ICEX, subraya que la <strong data-start=\"3617\" data-end=\"3724\">digitalizaci\u00f3n y la internacionalizaci\u00f3n son esenciales para el \u00e9xito de las pymes en el mercado global<\/strong>.<\/p><hr data-start=\"3729\" data-end=\"3732\" \/><h2 data-start=\"3734\" data-end=\"3781\"><strong data-start=\"3737\" data-end=\"3779\">\ud83d\udce9 \u00bfC\u00f3mo participar en DigitalXBorder?<\/strong><\/h2><p data-start=\"3783\" data-end=\"3896\">\ud83d\udd17 <strong data-start=\"3786\" data-end=\"3831\">Consulta m\u00e1s informaci\u00f3n y reg\u00edstrate en:<\/strong> <a target=\"_new\" rel=\"noopener\" data-start=\"3832\" data-end=\"3894\">www.eoi.es\/digitalxborder<\/a><\/p><p data-start=\"3898\" data-end=\"4154\" data-is-last-node=\"\" data-is-only-node=\"\">Si eres CEO de una pyme y buscas impulsar la digitalizaci\u00f3n y expansi\u00f3n internacional de tu empresa, este programa es una oportunidad \u00fanica para <strong data-start=\"4043\" data-end=\"4134\">adaptarte a los nuevos retos digitales y mejorar tu competitividad en el mercado global<\/strong>. \u00a1No te lo pierdas!<\/p>\t\t\t\t\t\t\t\t<\/div>\n\t\t\t\t<\/div>\n\t\t\t\t\t<\/div>\n\t\t<\/div>\n\t\t\t\t\t<\/div>\n\t\t<\/section>\n\t\t<div class=\"elementor-element elementor-element-5533d49 e-con-full e-flex e-con e-parent\" data-id=\"5533d49\" data-element_type=\"container\">\n\t\t\t\t<div class=\"elementor-element elementor-element-887edda elementor-widget elementor-widget-mentorforms\" data-id=\"887edda\" data-element_type=\"widget\" data-widget_type=\"mentorforms.default\">\n\t\t\t\t<div class=\"elementor-widget-container\">\n\t\t\t\t\t<iframe aria-label=\"Quiz: Certificaciones para empresas\" src=\"https:\/\/zfrmz.com\/pv84ajHzXyARJtgjKaer\" width=\"99%\" height=\"500px\" frameborder=\"0\" allowfullscreen=\"allowfullscreen\"><\/iframe>\t\t\t\t<\/div>\n\t\t\t\t<\/div>\n\t\t\t\t<div class=\"elementor-element elementor-element-8340b30 elementor-widget elementor-widget-text-editor\" data-id=\"8340b30\" data-element_type=\"widget\" data-widget_type=\"text-editor.default\">\n\t\t\t\t<div class=\"elementor-widget-container\">\n\t\t\t\t\t\t\t\t\t<h4 style=\"text-align: center;\"><span style=\"color: #e94c81;\"><strong>APLICA ESTE TIP EN TU PROYECTO<\/strong><\/span><\/h4>\t\t\t\t\t\t\t\t<\/div>\n\t\t\t\t<\/div>\n\t\t\t\t<\/div>\n\t\t<div class=\"elementor-element elementor-element-8f4952d e-flex e-con-boxed e-con e-parent\" data-id=\"8f4952d\" data-element_type=\"container\">\n\t\t\t\t\t<div class=\"e-con-inner\">\n\t\t\t\t<div class=\"elementor-element elementor-element-6e88adf elementor-widget elementor-widget-text-editor\" data-id=\"6e88adf\" data-element_type=\"widget\" data-widget_type=\"text-editor.default\">\n\t\t\t\t<div class=\"elementor-widget-container\">\n\t\t\t\t\t\t\t\t\t<ul><li><span style=\"font-weight: 400;\">\ud83d\udcbb <\/span><strong><span style=\"color: #009988;\">PRACTICA<\/span><\/strong><span style=\"font-weight: 400;\"> con un experto en <\/span><strong><span style=\"color: #009988;\"><a style=\"color: #009988;\" href=\"https:\/\/mentorday.es\/revision-modelo-negocio-lean-canvas\/\" target=\"_blank\" rel=\"noopener\">el pr\u00f3ximo webinar pr\u00e1ctico.<\/a><\/span><\/strong><\/li><li><span style=\"font-weight: 400;\">\ud83d\udd0e <\/span><span style=\"font-weight: 400;\"><strong><span style=\"color: #009988;\">CONSULTA<\/span><\/strong> m\u00e1s TIPs relacionadas <\/span><span style=\"font-weight: 400;\">con este mismo <\/span><a href=\"https:\/\/mentorday.es\/wikitips\/category\/desarrollo-del-negocio-estrategia\/\" target=\"_blank\" rel=\"noopener\"><strong>tema.<\/strong><\/a><\/li><li><span style=\"font-weight: 400;\">\ud83d\udcd6 <strong><span style=\"color: #009988;\">AMPLIA<\/span><\/strong> tus conocimientos descargando<strong><a href=\"https:\/\/mentorday.es\/ebook-internacionalizacion\/\" target=\"_blank\" rel=\"noopener\"> este EBOOK<\/a> y <a href=\"https:\/\/mentorday.es\/ebook\/crea-modelo-negocio-valida-ajusta-mercado\/\" target=\"_blank\" rel=\"noopener\">este EBOOK.<\/a><\/strong><\/span><\/li><\/ul><h4 style=\"text-align: center;\"><span style=\"color: #e94c81;\"><b>PIENSA EN TI<\/b><\/span><\/h4><ul><li><span style=\"font-weight: 400;\">\u200d\ud83d\ude80 <span style=\"color: #009988;\"><strong>IMPULSA<\/strong><\/span> tu empresa en el pr\u00f3ximo<\/span> <strong><span style=\"color: #009988;\"><a style=\"color: #009988;\" href=\"https:\/\/mentorday.es\/modelo-mentor-day\/\" target=\"_blank\" rel=\"noopener\">programa de aceleraci\u00f3n<\/a>,<\/span> <span style=\"color: #009988;\">\u00a1<a style=\"color: #009988;\" href=\"https:\/\/mentorday.es\/inscripcion\/\" target=\"_blank\" rel=\"noopener\">reserva tu plaza ya<\/a>!.<\/span><\/strong><\/li><li><span style=\"font-weight: 400;\">\ud83e\udd41 <span style=\"color: #009988;\"><strong>PRACTICA<\/strong><\/span> con tu proyecto en este webinar pr\u00e1ctico, <span style=\"color: #009988;\"><strong>\u00a1<\/strong><\/span><\/span><span style=\"color: #009988;\"><strong><a style=\"color: #009988;\" href=\"https:\/\/mentorday.es\/webinar\/\" target=\"_blank\" rel=\"noopener\">solicita tu plaza<\/a><\/strong><span style=\"font-weight: 400;\"><strong>!<\/strong>.<\/span><\/span><\/li><li><span style=\"font-weight: 400;\">\ud83c\udf10 <span style=\"color: #009988;\"><strong>CONTACTA<\/strong> <\/span>con otros emprendedores y empresas, <strong><span style=\"color: #009988;\">\u00a1<\/span><\/strong><\/span><strong><span style=\"color: #009988;\"><a style=\"color: #009988;\" href=\"https:\/\/mentorday.es\/networkingonline-para-emprendedores\/\" target=\"_blank\" rel=\"noopener\">inscr\u00edbete<\/a> y participa en el pr\u00f3ximo Networking!.<\/span><\/strong><\/li><\/ul><h4 style=\"text-align: center;\"><span style=\"color: #e94c81;\"><b>PIENSA EN AYUDAR A LOS DEM\u00c1S<\/b><\/span><\/h4><ul><li><span style=\"font-weight: 400;\">\ud83e\udd1d<span style=\"color: #009988;\"><strong>COLABORA<\/strong><\/span> como voluntario: <\/span><span style=\"color: #009988;\"><strong><a style=\"color: #009988;\" href=\"https:\/\/mentorday.es\/experto-especialista\/\" target=\"_blank\" rel=\"noopener\">experto<\/a>,<a style=\"color: #009988;\" href=\"https:\/\/mentorday.es\/programa-de-formacion-para-mentores\/\" target=\"_blank\" rel=\"noopener\"> mentor<\/a>,<a style=\"color: #009988;\" href=\"https:\/\/mentorday.es\/mentor-invierte\/\" target=\"_blank\" rel=\"noopener\"> inversor<\/a>,<a style=\"color: #009988;\" href=\"https:\/\/mentorday.es\/entregar-premio\/\" target=\"_blank\" rel=\"noopener\"> premiando<\/a>,<a style=\"color: #009988;\" href=\"https:\/\/mentorday.es\/conviertete-influencer-mentor-day\/\" target=\"_blank\" rel=\"noopener\"> difundiendo<\/a>,<a style=\"color: #009988;\" href=\"https:\/\/mentorday.es\/innovacion-abierta-para-tu-empresa\/\" target=\"_blank\" rel=\"noopener\"> retando<\/a>,<a style=\"color: #009988;\" href=\"https:\/\/mentorday.es\/innovacion-abierta-para-tu-empresa\/\" target=\"_blank\" rel=\"noopener\"> innovando<\/a>,<a style=\"color: #009988;\" href=\"http:\/\/mentorday.es\/wikitips\/crea-tu-tip\/\" target=\"_blank\" rel=\"noopener\"> creando una TIP<\/a>\u2026<\/strong><\/span><\/li><li><span style=\"font-weight: 400;\">\ud83d\udcac<\/span> <span style=\"font-weight: 400;\"><span style=\"color: #009988;\"><strong>RECOMIENDA<\/strong><\/span> este programa para que llegue a m\u00e1s emprendedores<\/span><span style=\"font-weight: 400;\"> por Google.<\/span><\/li><li><strong>\ud83d\udc49 <a href=\"https:\/\/survey.zohopublic.com\/zs\/YECsd8\" target=\"_blank\" rel=\"noopener\"><span style=\"color: #009988;\">\u00a1COMPARTE tu aprendizaje!.<\/span><\/a><\/strong><\/li><li style=\"text-align: left;\"><strong>\ud83d\udcf2 <span style=\"color: #009988;\">REENV\u00cdA<\/span><\/strong> esta TIP \ud83d\udc47<\/li><\/ul>\t\t\t\t\t\t\t\t<\/div>\n\t\t\t\t<\/div>\n\t\t\t\t\t<\/div>\n\t\t\t\t<\/div>\n\t\t\t\t<\/div>\n\t\t","protected":false},"excerpt":{"rendered":"<p>DigitalXBorder Nuevos Retos ofrece formaci\u00f3n gratuita para CEOs de pymes en digitalizaci\u00f3n y expansi\u00f3n internacional. Conoce fechas y ciudades en 2025. <\/p>\n","protected":false},"author":6,"featured_media":0,"comment_status":"open","ping_status":"open","sticky":false,"template":"","format":"standard","meta":{"footnotes":""},"categories":[1218],"tags":[1031,414,1020,1065,1032,417],"class_list":["post-109631","post","type-post","status-publish","format-standard","hentry","category-ayudas-y-subvenciones","tag-emprendedores","tag-financiacion-emprendedores","tag-financias","tag-innovacion","tag-negocio","tag-wikitip"],"_links":{"self":[{"href":"https:\/\/mentorday.es\/wikitips\/wp-json\/wp\/v2\/posts\/109631","targetHints":{"allow":["GET"]}}],"collection":[{"href":"https:\/\/mentorday.es\/wikitips\/wp-json\/wp\/v2\/posts"}],"about":[{"href":"https:\/\/mentorday.es\/wikitips\/wp-json\/wp\/v2\/types\/post"}],"author":[{"embeddable":true,"href":"https:\/\/mentorday.es\/wikitips\/wp-json\/wp\/v2\/users\/6"}],"replies":[{"embeddable":true,"href":"https:\/\/mentorday.es\/wikitips\/wp-json\/wp\/v2\/comments?post=109631"}],"version-history":[{"count":0,"href":"https:\/\/mentorday.es\/wikitips\/wp-json\/wp\/v2\/posts\/109631\/revisions"}],"wp:attachment":[{"href":"https:\/\/mentorday.es\/wikitips\/wp-json\/wp\/v2\/media?parent=109631"}],"wp:term":[{"taxonomy":"category","embeddable":true,"href":"https:\/\/mentorday.es\/wikitips\/wp-json\/wp\/v2\/categories?post=109631"},{"taxonomy":"post_tag","embeddable":true,"href":"https:\/\/mentorday.es\/wikitips\/wp-json\/wp\/v2\/tags?post=109631"}],"curies":[{"name":"wp","href":"https:\/\/api.w.org\/{rel}","templated":true}]}}