


{"id":109667,"date":"2025-03-07T13:59:49","date_gmt":"2025-03-07T13:59:49","guid":{"rendered":"https:\/\/mentorday.es\/wikitips\/?p=109667"},"modified":"2025-10-07T11:19:11","modified_gmt":"2025-10-07T11:19:11","slug":"ayudas-2025-gestion-proyectos-europeos-atraccion-talento","status":"publish","type":"post","link":"https:\/\/mentorday.es\/wikitips\/ayudas-2025-gestion-proyectos-europeos-atraccion-talento\/","title":{"rendered":"Ayudas 2025 para la Gesti\u00f3n de Proyectos Europeos y Atracci\u00f3n de Talento Investigador"},"content":{"rendered":"\t\t<div data-elementor-type=\"wp-post\" data-elementor-id=\"109667\" class=\"elementor elementor-109667\" data-elementor-post-type=\"post\">\n\t\t\t\t\t\t<section class=\"elementor-section elementor-top-section elementor-element elementor-element-6c98dde5 elementor-section-boxed elementor-section-height-default elementor-section-height-default\" data-id=\"6c98dde5\" data-element_type=\"section\">\n\t\t\t\t\t\t<div class=\"elementor-container elementor-column-gap-default\">\n\t\t\t\t\t<div class=\"elementor-column elementor-col-100 elementor-top-column elementor-element elementor-element-1076a75a\" data-id=\"1076a75a\" data-element_type=\"column\">\n\t\t\t<div class=\"elementor-widget-wrap elementor-element-populated\">\n\t\t\t\t\t\t<div class=\"elementor-element elementor-element-423817e elementor-toc--minimized-on-tablet elementor-widget elementor-widget-table-of-contents\" data-id=\"423817e\" data-element_type=\"widget\" data-settings=\"{&quot;headings_by_tags&quot;:[&quot;h2&quot;,&quot;h3&quot;],&quot;exclude_headings_by_selector&quot;:[],&quot;marker_view&quot;:&quot;numbers&quot;,&quot;no_headings_message&quot;:&quot;No se ha encontrado ning\\u00fan encabezado en esta p\\u00e1gina.&quot;,&quot;minimize_box&quot;:&quot;yes&quot;,&quot;minimized_on&quot;:&quot;tablet&quot;,&quot;hierarchical_view&quot;:&quot;yes&quot;,&quot;min_height&quot;:{&quot;unit&quot;:&quot;px&quot;,&quot;size&quot;:&quot;&quot;,&quot;sizes&quot;:[]},&quot;min_height_tablet&quot;:{&quot;unit&quot;:&quot;px&quot;,&quot;size&quot;:&quot;&quot;,&quot;sizes&quot;:[]},&quot;min_height_mobile&quot;:{&quot;unit&quot;:&quot;px&quot;,&quot;size&quot;:&quot;&quot;,&quot;sizes&quot;:[]}}\" data-widget_type=\"table-of-contents.default\">\n\t\t\t\t<div class=\"elementor-widget-container\">\n\t\t\t\t\t\t\t\t\t<div class=\"elementor-toc__header\">\n\t\t\t\t\t\t<h4 class=\"elementor-toc__header-title\">\n\t\t\t\tTabla de contenidos\t\t\t<\/h4>\n\t\t\t\t\t\t\t\t\t\t<div class=\"elementor-toc__toggle-button elementor-toc__toggle-button--expand\" role=\"button\" tabindex=\"0\" aria-controls=\"elementor-toc__423817e\" aria-expanded=\"true\" aria-label=\"Abrir la tabla de contenidos\"><i aria-hidden=\"true\" class=\"fas fa-chevron-down\"><\/i><\/div>\n\t\t\t\t<div class=\"elementor-toc__toggle-button elementor-toc__toggle-button--collapse\" role=\"button\" tabindex=\"0\" aria-controls=\"elementor-toc__423817e\" aria-expanded=\"true\" aria-label=\"Cerrar la tabla de contenidos\"><i aria-hidden=\"true\" class=\"fas fa-chevron-up\"><\/i><\/div>\n\t\t\t\t\t<\/div>\n\t\t\t\t<div id=\"elementor-toc__423817e\" class=\"elementor-toc__body\">\n\t\t\t<div class=\"elementor-toc__spinner-container\">\n\t\t\t\t<i class=\"elementor-toc__spinner eicon-animation-spin eicon-loading\" aria-hidden=\"true\"><\/i>\t\t\t<\/div>\n\t\t<\/div>\n\t\t\t\t\t\t<\/div>\n\t\t\t\t<\/div>\n\t\t\t\t<div class=\"elementor-element elementor-element-c788918 elementor-widget elementor-widget-text-editor\" data-id=\"c788918\" data-element_type=\"widget\" data-widget_type=\"text-editor.default\">\n\t\t\t\t<div class=\"elementor-widget-container\">\n\t\t\t\t\t\t\t\t\t<h1 data-start=\"100\" data-end=\"180\"><strong data-start=\"102\" data-end=\"178\">Ayudas 2025 para la Gesti\u00f3n de Proyectos Europeos y Atracci\u00f3n de Talento<\/strong><\/h1><h2 data-start=\"182\" data-end=\"275\"><strong data-start=\"185\" data-end=\"273\">Subvenciones para instituciones que buscan fortalecer su participaci\u00f3n internacional<\/strong><\/h2><p data-start=\"277\" data-end=\"588\">El <strong data-start=\"280\" data-end=\"333\">Ministerio de Ciencia, Innovaci\u00f3n y Universidades<\/strong> ha lanzado una nueva convocatoria de ayudas para 2025. Con un presupuesto de <strong data-start=\"411\" data-end=\"437\">11,9 millones de euros<\/strong>, esta iniciativa busca <strong data-start=\"461\" data-end=\"518\">apoyar la preparaci\u00f3n y gesti\u00f3n de proyectos europeos<\/strong> y <strong data-start=\"521\" data-end=\"585\">facilitar la atracci\u00f3n de talento investigador internacional<\/strong>.<\/p><p data-start=\"590\" data-end=\"761\">Si tu instituci\u00f3n quiere mejorar su participaci\u00f3n en el <strong data-start=\"646\" data-end=\"675\">Programa Horizonte Europa<\/strong> o captar personal investigador altamente cualificado, esta es una gran oportunidad.<\/p><h3 data-start=\"763\" data-end=\"815\"><strong data-start=\"767\" data-end=\"813\">1. \u00bfQui\u00e9nes pueden solicitar estas ayudas?<\/strong><\/h3><p data-start=\"817\" data-end=\"852\">Las entidades elegibles incluyen:<\/p><ul data-start=\"854\" data-end=\"1212\"><li data-start=\"854\" data-end=\"899\"><strong data-start=\"856\" data-end=\"896\">Organismos p\u00fablicos de investigaci\u00f3n<\/strong>.<\/li><li data-start=\"900\" data-end=\"942\"><strong data-start=\"902\" data-end=\"939\">Universidades p\u00fablicas y privadas<\/strong>.<\/li><li data-start=\"943\" data-end=\"1005\"><strong data-start=\"945\" data-end=\"1002\">Instituciones y centros sanitarios sin \u00e1nimo de lucro<\/strong>.<\/li><li data-start=\"1006\" data-end=\"1064\"><strong data-start=\"1008\" data-end=\"1061\">Institutos de investigaci\u00f3n sanitaria acreditados<\/strong>.<\/li><li data-start=\"1065\" data-end=\"1141\"><strong data-start=\"1067\" data-end=\"1138\">Centros Tecnol\u00f3gicos y Centros de Apoyo a la Innovaci\u00f3n Tecnol\u00f3gica<\/strong>.<\/li><li data-start=\"1142\" data-end=\"1212\"><strong data-start=\"1144\" data-end=\"1209\">Otros centros de I+D+i p\u00fablicos y privados sin \u00e1nimo de lucro<\/strong>.<\/li><\/ul><p data-start=\"1214\" data-end=\"1308\">Si tu instituci\u00f3n pertenece a alguna de estas categor\u00edas, <strong data-start=\"1272\" data-end=\"1305\">puede optar a la financiaci\u00f3n<\/strong>.<\/p><h3 data-start=\"1310\" data-end=\"1350\"><strong data-start=\"1314\" data-end=\"1348\">2. Objetivo de la convocatoria<\/strong><\/h3><p data-start=\"1352\" data-end=\"1504\">La finalidad de estas ayudas es <strong data-start=\"1384\" data-end=\"1492\">fortalecer las capacidades de las instituciones espa\u00f1olas en el \u00e1mbito de la investigaci\u00f3n internacional<\/strong> mediante:<\/p><ul data-start=\"1506\" data-end=\"1752\"><li data-start=\"1506\" data-end=\"1622\"><strong data-start=\"1508\" data-end=\"1561\">Mejor preparaci\u00f3n y gesti\u00f3n de proyectos europeos<\/strong>, con especial enfoque en el <strong data-start=\"1590\" data-end=\"1619\">Programa Horizonte Europa<\/strong>.<\/li><li data-start=\"1623\" data-end=\"1752\"><strong data-start=\"1625\" data-end=\"1676\">Atracci\u00f3n de talento investigador internacional<\/strong>, facilitando su incorporaci\u00f3n y consolidaci\u00f3n en instituciones espa\u00f1olas.<\/li><\/ul><p data-start=\"1754\" data-end=\"1884\">Estas acciones <strong data-start=\"1769\" data-end=\"1815\">aumentar\u00e1n la competitividad y visibilidad<\/strong> de las entidades beneficiarias en el ecosistema cient\u00edfico global.<\/p><h3 data-start=\"1886\" data-end=\"1936\"><strong data-start=\"1890\" data-end=\"1934\">3. Presupuesto y financiaci\u00f3n disponible<\/strong><\/h3><p data-start=\"1938\" data-end=\"2085\">El presupuesto total destinado a esta convocatoria es de <strong data-start=\"1995\" data-end=\"2015\">11.900.000 euros<\/strong>, con cargo a los fondos de la <strong data-start=\"2046\" data-end=\"2082\">Agencia Estatal de Investigaci\u00f3n<\/strong>.<\/p><p data-start=\"2087\" data-end=\"2238\">Los fondos se distribuir\u00e1n entre los beneficiarios seg\u00fan criterios de evaluaci\u00f3n, priorizando propuestas con <strong data-start=\"2196\" data-end=\"2235\">alto impacto y calidad organizativa<\/strong>.<\/p><h3 data-start=\"2240\" data-end=\"2291\"><strong data-start=\"2244\" data-end=\"2289\">4. \u00bfC\u00f3mo y cu\u00e1ndo presentar la solicitud?<\/strong><\/h3><ul data-start=\"2293\" data-end=\"2434\"><li data-start=\"2293\" data-end=\"2346\"><strong data-start=\"2295\" data-end=\"2322\">Apertura de solicitudes<\/strong>: 20 de marzo de 2025.<\/li><li data-start=\"2347\" data-end=\"2434\"><strong data-start=\"2349\" data-end=\"2369\">Cierre del plazo<\/strong>: 10 de abril de 2025 a las 14:00 h (hora peninsular espa\u00f1ola).<\/li><\/ul><p data-start=\"2436\" data-end=\"2646\">Las solicitudes deben presentarse <strong data-start=\"2470\" data-end=\"2493\">de forma telem\u00e1tica<\/strong> a trav\u00e9s de la <strong data-start=\"2509\" data-end=\"2583\">sede electr\u00f3nica del Ministerio de Ciencia, Innovaci\u00f3n y Universidades<\/strong>. Consulta los detalles en el art\u00edculo 12 de la convocatoria.<\/p><p data-start=\"2648\" data-end=\"2762\">\ud83d\udd17 <a target=\"_new\" rel=\"noopener\" data-start=\"2651\" data-end=\"2760\">Accede a la convocatoria completa aqu\u00ed<\/a><\/p><h3 data-start=\"2764\" data-end=\"2800\"><strong data-start=\"2768\" data-end=\"2798\">5. Criterios de evaluaci\u00f3n<\/strong><\/h3><p data-start=\"2802\" data-end=\"2872\">Las solicitudes ser\u00e1n evaluadas con base en los siguientes aspectos:<\/p><p data-start=\"2874\" data-end=\"3142\">\u2705 <strong data-start=\"2876\" data-end=\"2903\">Calidad de la propuesta<\/strong>: Innovaci\u00f3n y relevancia del proyecto.<br data-start=\"2942\" data-end=\"2945\" \/>\u2705 <strong data-start=\"2947\" data-end=\"2990\">Estructura organizativa y equipo gestor<\/strong>: Capacidad para ejecutar y administrar los fondos.<br data-start=\"3041\" data-end=\"3044\" \/>\u2705 <strong data-start=\"3046\" data-end=\"3057\">Impacto<\/strong>: Beneficio esperado para la investigaci\u00f3n espa\u00f1ola y su posicionamiento en Europa.<\/p><p data-start=\"3144\" data-end=\"3324\" data-is-last-node=\"\" data-is-only-node=\"\">Si tu instituci\u00f3n busca financiaci\u00f3n para fortalecer su estrategia internacional en investigaci\u00f3n, <strong data-start=\"3243\" data-end=\"3278\">no dejes pasar esta oportunidad<\/strong>. \u00a1Solicita tu ayuda antes del 10 de abril! \ud83d\ude80<\/p>\t\t\t\t\t\t\t\t<\/div>\n\t\t\t\t<\/div>\n\t\t\t\t<div class=\"elementor-element elementor-element-c93e7d9 elementor-widget elementor-widget-mentorforms\" data-id=\"c93e7d9\" data-element_type=\"widget\" data-widget_type=\"mentorforms.default\">\n\t\t\t\t<div class=\"elementor-widget-container\">\n\t\t\t\t\t<iframe aria-label=\"Quiz: Certificaciones para empresas\" src=\"https:\/\/zfrmz.com\/lsv5knrIUFAkdMcdDXBT\" width=\"99%\" height=\"500px\" frameborder=\"0\" allowfullscreen=\"allowfullscreen\"><\/iframe>\t\t\t\t<\/div>\n\t\t\t\t<\/div>\n\t\t\t\t\t<\/div>\n\t\t<\/div>\n\t\t\t\t\t<\/div>\n\t\t<\/section>\n\t\t<div class=\"elementor-element elementor-element-5533d49 e-con-full e-flex e-con e-parent\" data-id=\"5533d49\" data-element_type=\"container\">\n\t\t\t\t<div class=\"elementor-element elementor-element-8340b30 elementor-widget elementor-widget-text-editor\" data-id=\"8340b30\" data-element_type=\"widget\" data-widget_type=\"text-editor.default\">\n\t\t\t\t<div class=\"elementor-widget-container\">\n\t\t\t\t\t\t\t\t\t<h4 style=\"text-align: center;\"><span style=\"color: #e94c81;\"><strong>APLICA ESTE TIP EN TU PROYECTO<\/strong><\/span><\/h4>\t\t\t\t\t\t\t\t<\/div>\n\t\t\t\t<\/div>\n\t\t\t\t<\/div>\n\t\t<div class=\"elementor-element elementor-element-8f4952d e-flex e-con-boxed e-con e-parent\" data-id=\"8f4952d\" data-element_type=\"container\">\n\t\t\t\t\t<div class=\"e-con-inner\">\n\t\t\t\t<div class=\"elementor-element elementor-element-6e88adf elementor-widget elementor-widget-text-editor\" data-id=\"6e88adf\" data-element_type=\"widget\" data-widget_type=\"text-editor.default\">\n\t\t\t\t<div class=\"elementor-widget-container\">\n\t\t\t\t\t\t\t\t\t<ul><li><span style=\"font-weight: 400;\">\ud83d\udcbb <\/span><strong><span style=\"color: #009988;\">PRACTICA<\/span><\/strong><span style=\"font-weight: 400;\"> con un experto en <\/span><strong><span style=\"color: #009988;\"><a style=\"color: #009988;\" href=\"https:\/\/mentorday.es\/revision-modelo-negocio-lean-canvas\/\" target=\"_blank\" rel=\"noopener\">el pr\u00f3ximo webinar pr\u00e1ctico.<\/a><\/span><\/strong><\/li><li><span style=\"font-weight: 400;\">\ud83d\udd0e <\/span><span style=\"font-weight: 400;\"><strong><span style=\"color: #009988;\">CONSULTA<\/span><\/strong> m\u00e1s TIPs relacionadas <\/span><span style=\"font-weight: 400;\">con este mismo <\/span><a href=\"https:\/\/mentorday.es\/wikitips\/category\/desarrollo-del-negocio-estrategia\/\" target=\"_blank\" rel=\"noopener\"><strong>tema.<\/strong><\/a><\/li><li><span style=\"font-weight: 400;\">\ud83d\udcd6 <strong><span style=\"color: #009988;\">AMPLIA<\/span><\/strong> tus conocimientos descargando<strong><a href=\"https:\/\/mentorday.es\/ebook-internacionalizacion\/\" target=\"_blank\" rel=\"noopener\"> este EBOOK<\/a> y <a href=\"https:\/\/mentorday.es\/ebook\/crea-modelo-negocio-valida-ajusta-mercado\/\" target=\"_blank\" rel=\"noopener\">este EBOOK.<\/a><\/strong><\/span><\/li><\/ul><h4 style=\"text-align: center;\"><span style=\"color: #e94c81;\"><b>PIENSA EN TI<\/b><\/span><\/h4><ul><li><span style=\"font-weight: 400;\">\u200d\ud83d\ude80 <span style=\"color: #009988;\"><strong>IMPULSA<\/strong><\/span> tu empresa en el pr\u00f3ximo<\/span> <strong><span style=\"color: #009988;\"><a style=\"color: #009988;\" href=\"https:\/\/mentorday.es\/modelo-mentor-day\/\" target=\"_blank\" rel=\"noopener\">programa de aceleraci\u00f3n<\/a>,<\/span> <span style=\"color: #009988;\">\u00a1<a style=\"color: #009988;\" href=\"https:\/\/mentorday.es\/inscripcion\/\" target=\"_blank\" rel=\"noopener\">reserva tu plaza ya<\/a>!.<\/span><\/strong><\/li><li><span style=\"font-weight: 400;\">\ud83e\udd41 <span style=\"color: #009988;\"><strong>PRACTICA<\/strong><\/span> con tu proyecto en este webinar pr\u00e1ctico, <span style=\"color: #009988;\"><strong>\u00a1<\/strong><\/span><\/span><span style=\"color: #009988;\"><strong><a style=\"color: #009988;\" href=\"https:\/\/mentorday.es\/webinar\/\" target=\"_blank\" rel=\"noopener\">solicita tu plaza<\/a><\/strong><span style=\"font-weight: 400;\"><strong>!<\/strong>.<\/span><\/span><\/li><li><span style=\"font-weight: 400;\">\ud83c\udf10 <span style=\"color: #009988;\"><strong>CONTACTA<\/strong> <\/span>con otros emprendedores y empresas, <strong><span style=\"color: #009988;\">\u00a1<\/span><\/strong><\/span><strong><span style=\"color: #009988;\"><a style=\"color: #009988;\" href=\"https:\/\/mentorday.es\/networkingonline-para-emprendedores\/\" target=\"_blank\" rel=\"noopener\">inscr\u00edbete<\/a> y participa en el pr\u00f3ximo Networking!.<\/span><\/strong><\/li><\/ul><h4 style=\"text-align: center;\"><span style=\"color: #e94c81;\"><b>PIENSA EN AYUDAR A LOS DEM\u00c1S<\/b><\/span><\/h4><ul><li><span style=\"font-weight: 400;\">\ud83e\udd1d<span style=\"color: #009988;\"><strong>COLABORA<\/strong><\/span> como voluntario: <\/span><span style=\"color: #009988;\"><strong><a style=\"color: #009988;\" href=\"https:\/\/mentorday.es\/experto-especialista\/\" target=\"_blank\" rel=\"noopener\">experto<\/a>,<a style=\"color: #009988;\" href=\"https:\/\/mentorday.es\/programa-de-formacion-para-mentores\/\" target=\"_blank\" rel=\"noopener\"> mentor<\/a>,<a style=\"color: #009988;\" href=\"https:\/\/mentorday.es\/mentor-invierte\/\" target=\"_blank\" rel=\"noopener\"> inversor<\/a>,<a style=\"color: #009988;\" href=\"https:\/\/mentorday.es\/entregar-premio\/\" target=\"_blank\" rel=\"noopener\"> premiando<\/a>,<a style=\"color: #009988;\" href=\"https:\/\/mentorday.es\/conviertete-influencer-mentor-day\/\" target=\"_blank\" rel=\"noopener\"> difundiendo<\/a>,<a style=\"color: #009988;\" href=\"https:\/\/mentorday.es\/innovacion-abierta-para-tu-empresa\/\" target=\"_blank\" rel=\"noopener\"> retando<\/a>,<a style=\"color: #009988;\" href=\"https:\/\/mentorday.es\/innovacion-abierta-para-tu-empresa\/\" target=\"_blank\" rel=\"noopener\"> innovando<\/a>,<a style=\"color: #009988;\" href=\"http:\/\/mentorday.es\/wikitips\/crea-tu-tip\/\" target=\"_blank\" rel=\"noopener\"> creando una TIP<\/a>\u2026<\/strong><\/span><\/li><li><span style=\"font-weight: 400;\">\ud83d\udcac<\/span> <span style=\"font-weight: 400;\"><span style=\"color: #009988;\"><strong>RECOMIENDA<\/strong><\/span> este programa para que llegue a m\u00e1s emprendedores<\/span><span style=\"font-weight: 400;\"> por Google.<\/span><\/li><li><strong>\ud83d\udc49 <a href=\"https:\/\/survey.zohopublic.com\/zs\/YECsd8\" target=\"_blank\" rel=\"noopener\"><span style=\"color: #009988;\">\u00a1COMPARTE tu aprendizaje!.<\/span><\/a><\/strong><\/li><li style=\"text-align: left;\"><strong>\ud83d\udcf2 <span style=\"color: #009988;\">REENV\u00cdA<\/span><\/strong> esta TIP \ud83d\udc47<\/li><\/ul>\t\t\t\t\t\t\t\t<\/div>\n\t\t\t\t<\/div>\n\t\t\t\t\t<\/div>\n\t\t\t\t<\/div>\n\t\t\t\t<\/div>\n\t\t","protected":false},"excerpt":{"rendered":"<p>Convocatoria 2025 de ayudas para gestionar proyectos europeos y atraer talento investigador. Financiaci\u00f3n de 11,9M\u20ac. Solicita hasta el 10 de abril.<\/p>\n","protected":false},"author":6,"featured_media":0,"comment_status":"open","ping_status":"open","sticky":false,"template":"","format":"standard","meta":{"footnotes":""},"categories":[1218],"tags":[1031,414,1020,1065,1032,417],"class_list":["post-109667","post","type-post","status-publish","format-standard","hentry","category-ayudas-y-subvenciones","tag-emprendedores","tag-financiacion-emprendedores","tag-financias","tag-innovacion","tag-negocio","tag-wikitip"],"_links":{"self":[{"href":"https:\/\/mentorday.es\/wikitips\/wp-json\/wp\/v2\/posts\/109667","targetHints":{"allow":["GET"]}}],"collection":[{"href":"https:\/\/mentorday.es\/wikitips\/wp-json\/wp\/v2\/posts"}],"about":[{"href":"https:\/\/mentorday.es\/wikitips\/wp-json\/wp\/v2\/types\/post"}],"author":[{"embeddable":true,"href":"https:\/\/mentorday.es\/wikitips\/wp-json\/wp\/v2\/users\/6"}],"replies":[{"embeddable":true,"href":"https:\/\/mentorday.es\/wikitips\/wp-json\/wp\/v2\/comments?post=109667"}],"version-history":[{"count":0,"href":"https:\/\/mentorday.es\/wikitips\/wp-json\/wp\/v2\/posts\/109667\/revisions"}],"wp:attachment":[{"href":"https:\/\/mentorday.es\/wikitips\/wp-json\/wp\/v2\/media?parent=109667"}],"wp:term":[{"taxonomy":"category","embeddable":true,"href":"https:\/\/mentorday.es\/wikitips\/wp-json\/wp\/v2\/categories?post=109667"},{"taxonomy":"post_tag","embeddable":true,"href":"https:\/\/mentorday.es\/wikitips\/wp-json\/wp\/v2\/tags?post=109667"}],"curies":[{"name":"wp","href":"https:\/\/api.w.org\/{rel}","templated":true}]}}