


{"id":109675,"date":"2025-03-07T14:02:51","date_gmt":"2025-03-07T14:02:51","guid":{"rendered":"https:\/\/mentorday.es\/wikitips\/?p=109675"},"modified":"2025-10-07T11:18:40","modified_gmt":"2025-10-07T11:18:40","slug":"perte-vec-2025-ayudas-movilidad-electrica-y-automocion","status":"publish","type":"post","link":"https:\/\/mentorday.es\/wikitips\/perte-vec-2025-ayudas-movilidad-electrica-y-automocion\/","title":{"rendered":"PERTE VEC 2025: 1.250 Millones en Ayudas para Movilidad El\u00e9ctrica y Automoci\u00f3n"},"content":{"rendered":"\t\t<div data-elementor-type=\"wp-post\" data-elementor-id=\"109675\" class=\"elementor elementor-109675\" data-elementor-post-type=\"post\">\n\t\t\t\t\t\t<section class=\"elementor-section elementor-top-section elementor-element elementor-element-6c98dde5 elementor-section-boxed elementor-section-height-default elementor-section-height-default\" data-id=\"6c98dde5\" data-element_type=\"section\">\n\t\t\t\t\t\t<div class=\"elementor-container elementor-column-gap-default\">\n\t\t\t\t\t<div class=\"elementor-column elementor-col-100 elementor-top-column elementor-element elementor-element-1076a75a\" data-id=\"1076a75a\" data-element_type=\"column\">\n\t\t\t<div class=\"elementor-widget-wrap elementor-element-populated\">\n\t\t\t\t\t\t<div class=\"elementor-element elementor-element-423817e elementor-toc--minimized-on-tablet elementor-widget elementor-widget-table-of-contents\" data-id=\"423817e\" data-element_type=\"widget\" data-settings=\"{&quot;headings_by_tags&quot;:[&quot;h2&quot;,&quot;h3&quot;],&quot;exclude_headings_by_selector&quot;:[],&quot;marker_view&quot;:&quot;numbers&quot;,&quot;no_headings_message&quot;:&quot;No se ha encontrado ning\\u00fan encabezado en esta p\\u00e1gina.&quot;,&quot;minimize_box&quot;:&quot;yes&quot;,&quot;minimized_on&quot;:&quot;tablet&quot;,&quot;hierarchical_view&quot;:&quot;yes&quot;,&quot;min_height&quot;:{&quot;unit&quot;:&quot;px&quot;,&quot;size&quot;:&quot;&quot;,&quot;sizes&quot;:[]},&quot;min_height_tablet&quot;:{&quot;unit&quot;:&quot;px&quot;,&quot;size&quot;:&quot;&quot;,&quot;sizes&quot;:[]},&quot;min_height_mobile&quot;:{&quot;unit&quot;:&quot;px&quot;,&quot;size&quot;:&quot;&quot;,&quot;sizes&quot;:[]}}\" data-widget_type=\"table-of-contents.default\">\n\t\t\t\t<div class=\"elementor-widget-container\">\n\t\t\t\t\t\t\t\t\t<div class=\"elementor-toc__header\">\n\t\t\t\t\t\t<h4 class=\"elementor-toc__header-title\">\n\t\t\t\tTabla de contenidos\t\t\t<\/h4>\n\t\t\t\t\t\t\t\t\t\t<div class=\"elementor-toc__toggle-button elementor-toc__toggle-button--expand\" role=\"button\" tabindex=\"0\" aria-controls=\"elementor-toc__423817e\" aria-expanded=\"true\" aria-label=\"Abrir la tabla de contenidos\"><i aria-hidden=\"true\" class=\"fas fa-chevron-down\"><\/i><\/div>\n\t\t\t\t<div class=\"elementor-toc__toggle-button elementor-toc__toggle-button--collapse\" role=\"button\" tabindex=\"0\" aria-controls=\"elementor-toc__423817e\" aria-expanded=\"true\" aria-label=\"Cerrar la tabla de contenidos\"><i aria-hidden=\"true\" class=\"fas fa-chevron-up\"><\/i><\/div>\n\t\t\t\t\t<\/div>\n\t\t\t\t<div id=\"elementor-toc__423817e\" class=\"elementor-toc__body\">\n\t\t\t<div class=\"elementor-toc__spinner-container\">\n\t\t\t\t<i class=\"elementor-toc__spinner eicon-animation-spin eicon-loading\" aria-hidden=\"true\"><\/i>\t\t\t<\/div>\n\t\t<\/div>\n\t\t\t\t\t\t<\/div>\n\t\t\t\t<\/div>\n\t\t\t\t<div class=\"elementor-element elementor-element-c788918 elementor-widget elementor-widget-text-editor\" data-id=\"c788918\" data-element_type=\"widget\" data-widget_type=\"text-editor.default\">\n\t\t\t\t<div class=\"elementor-widget-container\">\n\t\t\t\t\t\t\t\t\t<h1 data-start=\"61\" data-end=\"146\"><strong data-start=\"63\" data-end=\"144\">PERTE VEC 2025: 1.250 Millones de Euros en Ayudas para la Movilidad El\u00e9ctrica<\/strong><\/h1><h2 data-start=\"148\" data-end=\"236\"><strong data-start=\"151\" data-end=\"234\">Nueva convocatoria de incentivos para impulsar el sector del veh\u00edculo el\u00e9ctrico<\/strong><\/h2><p data-start=\"238\" data-end=\"587\">El Gobierno de Espa\u00f1a ha anunciado la <strong data-start=\"276\" data-end=\"350\">cuarta convocatoria del PERTE del Veh\u00edculo El\u00e9ctrico y Conectado (VEC)<\/strong>, que se lanzar\u00e1 en abril de 2025 con una inversi\u00f3n total de <strong data-start=\"411\" data-end=\"438\">1.250 millones de euros<\/strong>. Esta nueva edici\u00f3n busca potenciar la movilidad sostenible, apoyando la compra de veh\u00edculos el\u00e9ctricos y la transformaci\u00f3n del sector automotriz.<\/p><p data-start=\"589\" data-end=\"726\">Si tu empresa o entidad est\u00e1 vinculada al desarrollo del veh\u00edculo el\u00e9ctrico, esta es una oportunidad clave para acceder a financiaci\u00f3n.<\/p><h3 data-start=\"728\" data-end=\"774\"><strong data-start=\"732\" data-end=\"772\">1. \u00bfC\u00f3mo se distribuir\u00e1n los fondos?<\/strong><\/h3><p data-start=\"776\" data-end=\"860\">El presupuesto de <strong data-start=\"794\" data-end=\"821\">1.250 millones de euros<\/strong> se repartir\u00e1 en dos grandes bloques:<\/p><ul data-start=\"862\" data-end=\"1034\"><li data-start=\"862\" data-end=\"934\"><strong data-start=\"864\" data-end=\"904\">1.000 millones de euros en pr\u00e9stamos<\/strong> con condiciones favorables.<\/li><li data-start=\"935\" data-end=\"1034\"><strong data-start=\"937\" data-end=\"981\">250 millones de euros en ayudas directas<\/strong> para empresas y proyectos estrat\u00e9gicos del sector.<\/li><\/ul><p data-start=\"1036\" data-end=\"1158\">Adem\u00e1s, estas ayudas ser\u00e1n <strong data-start=\"1063\" data-end=\"1107\">retroactivas desde el 1 de enero de 2025<\/strong>, garantizando apoyo a inversiones ya realizadas.<\/p><h3 data-start=\"1160\" data-end=\"1200\"><strong data-start=\"1164\" data-end=\"1198\">2. Objetivo del PERTE VEC 2025<\/strong><\/h3><p data-start=\"1202\" data-end=\"1285\">Este programa busca acelerar la transici\u00f3n hacia la movilidad el\u00e9ctrica mediante:<\/p><p data-start=\"1287\" data-end=\"1540\">\u2705 <strong data-start=\"1289\" data-end=\"1339\">Incentivos a la compra de veh\u00edculos el\u00e9ctricos<\/strong> dentro del Plan Moves.<br data-start=\"1362\" data-end=\"1365\" \/>\u2705 <strong data-start=\"1367\" data-end=\"1425\">Financiaci\u00f3n para proyectos de innovaci\u00f3n y producci\u00f3n<\/strong> en el sector del autom\u00f3vil.<br data-start=\"1453\" data-end=\"1456\" \/>\u2705 <strong data-start=\"1458\" data-end=\"1503\">Facilitaci\u00f3n del acceso a fondos europeos<\/strong> para la transformaci\u00f3n industrial.<\/p><p data-start=\"1542\" data-end=\"1698\">El Gobierno tambi\u00e9n apuesta por flexibilizar las normativas y trabajar junto a la <strong data-start=\"1624\" data-end=\"1644\">Comisi\u00f3n Europea<\/strong> para consolidar el cambio hacia la electrificaci\u00f3n.<\/p><h3 data-start=\"1700\" data-end=\"1755\"><strong data-start=\"1704\" data-end=\"1753\">3. \u00bfQui\u00e9n puede beneficiarse de estas ayudas?<\/strong><\/h3><p data-start=\"1757\" data-end=\"1788\">El PERTE VEC est\u00e1 dirigido a:<\/p><ul data-start=\"1790\" data-end=\"2039\"><li data-start=\"1790\" data-end=\"1839\"><strong data-start=\"1792\" data-end=\"1836\">Fabricantes de autom\u00f3viles y componentes<\/strong>.<\/li><li data-start=\"1840\" data-end=\"1894\"><strong data-start=\"1842\" data-end=\"1891\">Empresas del sector de la movilidad el\u00e9ctrica<\/strong>.<\/li><li data-start=\"1895\" data-end=\"1961\"><strong data-start=\"1897\" data-end=\"1958\">Proyectos de innovaci\u00f3n en electrificaci\u00f3n y conectividad<\/strong>.<\/li><li data-start=\"1962\" data-end=\"2039\"><strong data-start=\"1964\" data-end=\"2036\">Entidades interesadas en el reciclaje y achatarramiento de veh\u00edculos<\/strong>.<\/li><\/ul><p data-start=\"2041\" data-end=\"2204\">Adem\u00e1s, el programa busca fomentar un <strong data-start=\"2079\" data-end=\"2113\">plan estructural a largo plazo<\/strong>, incluyendo ayudas a la compra de veh\u00edculos usados y al <strong data-start=\"2170\" data-end=\"2201\">desguace de coches antiguos<\/strong>.<\/p><h3 data-start=\"2206\" data-end=\"2253\"><strong data-start=\"2210\" data-end=\"2251\">4. \u00bfCu\u00e1ndo y c\u00f3mo solicitar la ayuda?<\/strong><\/h3><p data-start=\"2255\" data-end=\"2466\">\ud83d\udcc5 <strong data-start=\"2258\" data-end=\"2284\">Inicio de convocatoria<\/strong>: Abril de 2025.<br data-start=\"2300\" data-end=\"2303\" \/>\ud83d\udccc <strong data-start=\"2306\" data-end=\"2331\">Solicitud retroactiva<\/strong> desde el 1 de enero de 2025.<br data-start=\"2360\" data-end=\"2363\" \/>\ud83d\udcc4 <strong data-start=\"2366\" data-end=\"2393\">Plataforma de solicitud<\/strong>: A trav\u00e9s de SEPIE (Sociedad Estatal de Participaciones Industriales).<\/p><p data-start=\"2468\" data-end=\"2599\">Para m\u00e1s detalles y requisitos espec\u00edficos, consulta la convocatoria oficial en la web del <strong data-start=\"2559\" data-end=\"2596\">Ministerio de Industria y Turismo<\/strong>.<\/p><p data-start=\"2721\" data-end=\"2909\">Si trabajas en el sector del <strong data-start=\"2750\" data-end=\"2784\">veh\u00edculo el\u00e9ctrico y conectado<\/strong>, esta es una oportunidad clave para obtener financiaci\u00f3n y apoyar la transformaci\u00f3n sostenible de la industria automotriz.<\/p><p data-start=\"2911\" data-end=\"3024\" data-is-last-node=\"\" data-is-only-node=\"\">\ud83d\ude80 <strong data-start=\"2914\" data-end=\"3024\" data-is-last-node=\"\">No pierdas la oportunidad de acceder a estos fondos y acelerar la transici\u00f3n hacia la movilidad el\u00e9ctrica!<\/strong><\/p>\t\t\t\t\t\t\t\t<\/div>\n\t\t\t\t<\/div>\n\t\t\t\t\t<\/div>\n\t\t<\/div>\n\t\t\t\t\t<\/div>\n\t\t<\/section>\n\t\t<div class=\"elementor-element elementor-element-5533d49 e-con-full e-flex e-con e-parent\" data-id=\"5533d49\" data-element_type=\"container\">\n\t\t\t\t<div class=\"elementor-element elementor-element-887edda elementor-widget elementor-widget-mentorforms\" data-id=\"887edda\" data-element_type=\"widget\" data-widget_type=\"mentorforms.default\">\n\t\t\t\t<div class=\"elementor-widget-container\">\n\t\t\t\t\t<iframe aria-label=\"Quiz: Certificaciones para empresas\" src=\"https:\/\/zfrmz.com\/Kzt9tCh8I5myl5hbJnQd\" width=\"99%\" height=\"500px\" frameborder=\"0\" allowfullscreen=\"allowfullscreen\"><\/iframe>\t\t\t\t<\/div>\n\t\t\t\t<\/div>\n\t\t\t\t<div class=\"elementor-element elementor-element-8340b30 elementor-widget elementor-widget-text-editor\" data-id=\"8340b30\" data-element_type=\"widget\" data-widget_type=\"text-editor.default\">\n\t\t\t\t<div class=\"elementor-widget-container\">\n\t\t\t\t\t\t\t\t\t<h4 style=\"text-align: center;\"><span style=\"color: #e94c81;\"><strong>APLICA ESTE TIP EN TU PROYECTO<\/strong><\/span><\/h4>\t\t\t\t\t\t\t\t<\/div>\n\t\t\t\t<\/div>\n\t\t\t\t<\/div>\n\t\t<div class=\"elementor-element elementor-element-8f4952d e-flex e-con-boxed e-con e-parent\" data-id=\"8f4952d\" data-element_type=\"container\">\n\t\t\t\t\t<div class=\"e-con-inner\">\n\t\t\t\t<div class=\"elementor-element elementor-element-6e88adf elementor-widget elementor-widget-text-editor\" data-id=\"6e88adf\" data-element_type=\"widget\" data-widget_type=\"text-editor.default\">\n\t\t\t\t<div class=\"elementor-widget-container\">\n\t\t\t\t\t\t\t\t\t<ul><li><span style=\"font-weight: 400;\">\ud83d\udcbb <\/span><strong><span style=\"color: #009988;\">PRACTICA<\/span><\/strong><span style=\"font-weight: 400;\"> con un experto en <\/span><strong><span style=\"color: #009988;\"><a style=\"color: #009988;\" href=\"https:\/\/mentorday.es\/revision-modelo-negocio-lean-canvas\/\" target=\"_blank\" rel=\"noopener\">el pr\u00f3ximo webinar pr\u00e1ctico.<\/a><\/span><\/strong><\/li><li><span style=\"font-weight: 400;\">\ud83d\udd0e <\/span><span style=\"font-weight: 400;\"><strong><span style=\"color: #009988;\">CONSULTA<\/span><\/strong> m\u00e1s TIPs relacionadas <\/span><span style=\"font-weight: 400;\">con este mismo <\/span><a href=\"https:\/\/mentorday.es\/wikitips\/category\/desarrollo-del-negocio-estrategia\/\" target=\"_blank\" rel=\"noopener\"><strong>tema.<\/strong><\/a><\/li><li><span style=\"font-weight: 400;\">\ud83d\udcd6 <strong><span style=\"color: #009988;\">AMPLIA<\/span><\/strong> tus conocimientos descargando<strong><a href=\"https:\/\/mentorday.es\/ebook-internacionalizacion\/\" target=\"_blank\" rel=\"noopener\"> este EBOOK<\/a> y <a href=\"https:\/\/mentorday.es\/ebook\/crea-modelo-negocio-valida-ajusta-mercado\/\" target=\"_blank\" rel=\"noopener\">este EBOOK.<\/a><\/strong><\/span><\/li><\/ul><h4 style=\"text-align: center;\"><span style=\"color: #e94c81;\"><b>PIENSA EN TI<\/b><\/span><\/h4><ul><li><span style=\"font-weight: 400;\">\u200d\ud83d\ude80 <span style=\"color: #009988;\"><strong>IMPULSA<\/strong><\/span> tu empresa en el pr\u00f3ximo<\/span> <strong><span style=\"color: #009988;\"><a style=\"color: #009988;\" href=\"https:\/\/mentorday.es\/modelo-mentor-day\/\" target=\"_blank\" rel=\"noopener\">programa de aceleraci\u00f3n<\/a>,<\/span> <span style=\"color: #009988;\">\u00a1<a style=\"color: #009988;\" href=\"https:\/\/mentorday.es\/inscripcion\/\" target=\"_blank\" rel=\"noopener\">reserva tu plaza ya<\/a>!.<\/span><\/strong><\/li><li><span style=\"font-weight: 400;\">\ud83e\udd41 <span style=\"color: #009988;\"><strong>PRACTICA<\/strong><\/span> con tu proyecto en este webinar pr\u00e1ctico, <span style=\"color: #009988;\"><strong>\u00a1<\/strong><\/span><\/span><span style=\"color: #009988;\"><strong><a style=\"color: #009988;\" href=\"https:\/\/mentorday.es\/webinar\/\" target=\"_blank\" rel=\"noopener\">solicita tu plaza<\/a><\/strong><span style=\"font-weight: 400;\"><strong>!<\/strong>.<\/span><\/span><\/li><li><span style=\"font-weight: 400;\">\ud83c\udf10 <span style=\"color: #009988;\"><strong>CONTACTA<\/strong> <\/span>con otros emprendedores y empresas, <strong><span style=\"color: #009988;\">\u00a1<\/span><\/strong><\/span><strong><span style=\"color: #009988;\"><a style=\"color: #009988;\" href=\"https:\/\/mentorday.es\/networkingonline-para-emprendedores\/\" target=\"_blank\" rel=\"noopener\">inscr\u00edbete<\/a> y participa en el pr\u00f3ximo Networking!.<\/span><\/strong><\/li><\/ul><h4 style=\"text-align: center;\"><span style=\"color: #e94c81;\"><b>PIENSA EN AYUDAR A LOS DEM\u00c1S<\/b><\/span><\/h4><ul><li><span style=\"font-weight: 400;\">\ud83e\udd1d<span style=\"color: #009988;\"><strong>COLABORA<\/strong><\/span> como voluntario: <\/span><span style=\"color: #009988;\"><strong><a style=\"color: #009988;\" href=\"https:\/\/mentorday.es\/experto-especialista\/\" target=\"_blank\" rel=\"noopener\">experto<\/a>,<a style=\"color: #009988;\" href=\"https:\/\/mentorday.es\/programa-de-formacion-para-mentores\/\" target=\"_blank\" rel=\"noopener\"> mentor<\/a>,<a style=\"color: #009988;\" href=\"https:\/\/mentorday.es\/mentor-invierte\/\" target=\"_blank\" rel=\"noopener\"> inversor<\/a>,<a style=\"color: #009988;\" href=\"https:\/\/mentorday.es\/entregar-premio\/\" target=\"_blank\" rel=\"noopener\"> premiando<\/a>,<a style=\"color: #009988;\" href=\"https:\/\/mentorday.es\/conviertete-influencer-mentor-day\/\" target=\"_blank\" rel=\"noopener\"> difundiendo<\/a>,<a style=\"color: #009988;\" href=\"https:\/\/mentorday.es\/innovacion-abierta-para-tu-empresa\/\" target=\"_blank\" rel=\"noopener\"> retando<\/a>,<a style=\"color: #009988;\" href=\"https:\/\/mentorday.es\/innovacion-abierta-para-tu-empresa\/\" target=\"_blank\" rel=\"noopener\"> innovando<\/a>,<a style=\"color: #009988;\" href=\"http:\/\/mentorday.es\/wikitips\/crea-tu-tip\/\" target=\"_blank\" rel=\"noopener\"> creando una TIP<\/a>\u2026<\/strong><\/span><\/li><li><span style=\"font-weight: 400;\">\ud83d\udcac<\/span> <span style=\"font-weight: 400;\"><span style=\"color: #009988;\"><strong>RECOMIENDA<\/strong><\/span> este programa para que llegue a m\u00e1s emprendedores<\/span><span style=\"font-weight: 400;\"> por Google.<\/span><\/li><li><strong>\ud83d\udc49 <a href=\"https:\/\/survey.zohopublic.com\/zs\/YECsd8\" target=\"_blank\" rel=\"noopener\"><span style=\"color: #009988;\">\u00a1COMPARTE tu aprendizaje!.<\/span><\/a><\/strong><\/li><li style=\"text-align: left;\"><strong>\ud83d\udcf2 <span style=\"color: #009988;\">REENV\u00cdA<\/span><\/strong> esta TIP \ud83d\udc47<\/li><\/ul>\t\t\t\t\t\t\t\t<\/div>\n\t\t\t\t<\/div>\n\t\t\t\t\t<\/div>\n\t\t\t\t<\/div>\n\t\t\t\t<\/div>\n\t\t","protected":false},"excerpt":{"rendered":"<p>PERTE VEC 2025: 1.250M\u20ac en ayudas para movilidad el\u00e9ctrica. Financiaci\u00f3n desde abril, retroactiva desde enero. \u00a1Solicita tu incentivo!<\/p>\n","protected":false},"author":6,"featured_media":109059,"comment_status":"open","ping_status":"open","sticky":false,"template":"","format":"standard","meta":{"footnotes":""},"categories":[1218],"tags":[1031,414,1020,1065,1032,417],"class_list":["post-109675","post","type-post","status-publish","format-standard","has-post-thumbnail","hentry","category-ayudas-y-subvenciones","tag-emprendedores","tag-financiacion-emprendedores","tag-financias","tag-innovacion","tag-negocio","tag-wikitip"],"_links":{"self":[{"href":"https:\/\/mentorday.es\/wikitips\/wp-json\/wp\/v2\/posts\/109675","targetHints":{"allow":["GET"]}}],"collection":[{"href":"https:\/\/mentorday.es\/wikitips\/wp-json\/wp\/v2\/posts"}],"about":[{"href":"https:\/\/mentorday.es\/wikitips\/wp-json\/wp\/v2\/types\/post"}],"author":[{"embeddable":true,"href":"https:\/\/mentorday.es\/wikitips\/wp-json\/wp\/v2\/users\/6"}],"replies":[{"embeddable":true,"href":"https:\/\/mentorday.es\/wikitips\/wp-json\/wp\/v2\/comments?post=109675"}],"version-history":[{"count":0,"href":"https:\/\/mentorday.es\/wikitips\/wp-json\/wp\/v2\/posts\/109675\/revisions"}],"wp:featuredmedia":[{"embeddable":true,"href":"https:\/\/mentorday.es\/wikitips\/wp-json\/wp\/v2\/media\/109059"}],"wp:attachment":[{"href":"https:\/\/mentorday.es\/wikitips\/wp-json\/wp\/v2\/media?parent=109675"}],"wp:term":[{"taxonomy":"category","embeddable":true,"href":"https:\/\/mentorday.es\/wikitips\/wp-json\/wp\/v2\/categories?post=109675"},{"taxonomy":"post_tag","embeddable":true,"href":"https:\/\/mentorday.es\/wikitips\/wp-json\/wp\/v2\/tags?post=109675"}],"curies":[{"name":"wp","href":"https:\/\/api.w.org\/{rel}","templated":true}]}}