


{"id":142993,"date":"2026-04-14T14:42:12","date_gmt":"2026-04-14T14:42:12","guid":{"rendered":"https:\/\/mentorday.es\/wikitips\/?p=142993"},"modified":"2026-04-23T14:28:26","modified_gmt":"2026-04-23T14:28:26","slug":"subvencion-ambito-tic-cataluna-2026-ayudas-para-capacitacion-y-reduccion-de-la-brecha-digital","status":"publish","type":"post","link":"https:\/\/mentorday.es\/wikitips\/subvencion-ambito-tic-cataluna-2026-ayudas-para-capacitacion-y-reduccion-de-la-brecha-digital\/","title":{"rendered":"Subvenci\u00f3n \u00c1mbito TIC Catalu\u00f1a 2026: Ayudas para Capacitaci\u00f3n y Reducci\u00f3n de la Brecha Digital"},"content":{"rendered":"\t\t<div data-elementor-type=\"wp-post\" data-elementor-id=\"142993\" class=\"elementor elementor-142993\" data-elementor-post-type=\"post\">\n\t\t\t\t<div class=\"elementor-element elementor-element-5da41e3 e-flex e-con-boxed e-con e-parent\" data-id=\"5da41e3\" data-element_type=\"container\">\n\t\t\t\t\t<div class=\"e-con-inner\">\n\t\t\t\t<div class=\"elementor-element elementor-element-91c9d14 elementor-widget elementor-widget-text-editor\" data-id=\"91c9d14\" data-element_type=\"widget\" data-widget_type=\"text-editor.default\">\n\t\t\t\t<div class=\"elementor-widget-container\">\n\t\t\t\t\t\t\t\t\t<h1>Subvenci\u00f3n \u00c1mbito TIC Catalu\u00f1a 2026: Ayudas para Capacitaci\u00f3n y Reducci\u00f3n de la Brecha Digital<\/h1><p>\u00bfEst\u00e1s desarrollando un proyecto para mejorar las habilidades tecnol\u00f3gicas de tu comunidad o fomentar el talento digital? La <strong>subvenci\u00f3n \u00e1mbito TIC Catalu\u00f1a 2026<\/strong> es la oportunidad de financiaci\u00f3n que tu organizaci\u00f3n necesita para hacer realidad sus iniciativas. En un mundo cada vez m\u00e1s conectado, garantizar que nadie se quede atr\u00e1s es una prioridad estrat\u00e9gica. Por ello, esta convocatoria p\u00fablica est\u00e1 dise\u00f1ada para cubrir hasta el 100% de los costes de tu proyecto, permiti\u00e9ndote acceder a ayudas de hasta 25.000 euros. En esta entrada, te explicamos de forma pr\u00e1ctica, clara y exhaustiva c\u00f3mo estructurar tu solicitud y qu\u00e9 requisitos debes cumplir para acceder a estos fondos antes de que finalice el plazo.<\/p><h2>Objetivo de la convocatoria<\/h2><p>El objetivo principal de esta subvenci\u00f3n es impulsar proyectos que fomenten la capacitaci\u00f3n digital y la formaci\u00f3n en el \u00e1mbito de las tecnolog\u00edas de la informaci\u00f3n y la comunicaci\u00f3n (TIC). La administraci\u00f3n busca dotar de recursos a las iniciativas que promuevan el empoderamiento del talento digital y la dinamizaci\u00f3n de este talento dentro del sector tecnol\u00f3gico.<\/p><p>La finalidad \u00faltima y m\u00e1s importante de esta l\u00ednea de ayudas es reducir la brecha digital, prestando especial atenci\u00f3n y enfocando los esfuerzos en grandes colectivos que se encuentran en riesgo de exclusi\u00f3n digital.<\/p><h2>Regi\u00f3n de impacto<\/h2><p>Esta iniciativa tiene un impacto exclusivo en <strong>Catalu\u00f1a<\/strong>. Para que tu proyecto sea considerado elegible y pueda ser financiado, las actividades de capacitaci\u00f3n, los estudios y los eventos de difusi\u00f3n deben realizarse dentro del territorio de esta comunidad aut\u00f3noma, impactando directamente en su poblaci\u00f3n.<\/p><h2>Fecha y hora l\u00edmite de solicitud<\/h2><p>El calendario para presentar tu proyecto es sumamente estricto y el margen de actuaci\u00f3n es corto, por lo que la agilidad es clave:<\/p><ul><li><strong>Apertura del plazo:<\/strong> El periodo de recepci\u00f3n de solicitudes comienza a las 9:00 horas del primer d\u00eda h\u00e1bil siguiente a la publicaci\u00f3n de la resoluci\u00f3n en el Diario Oficial de la Generalitat de Catalu\u00f1a (DOGC), fij\u00e1ndose su inicio el <strong>8 de abril de 2026<\/strong>.<\/li><li><strong>Cierre del plazo:<\/strong> Finaliza a las <strong>14:00 horas del 22 de abril de 2026<\/strong>, lo que supone un margen de quince d\u00edas h\u00e1biles a contar desde el inicio del plazo.<\/li><li><strong>Efecto incentivador:<\/strong> Aunque en la inmensa mayor\u00eda de subvenciones es obligatorio solicitar la ayuda antes de comenzar los trabajos, esta convocatoria presenta una particularidad muy beneficiosa: el plazo de ejecuci\u00f3n de los proyectos abarca desde el 1 de enero de 2026. Esto significa que <strong>se flexibiliza el efecto incentivador estricto<\/strong>, permitiendo incluir actuaciones iniciadas antes de la fecha de solicitud, siempre que se encuentren dentro del ejercicio 2026.<\/li><li>No obstante, si la convocatoria se resuelve por <strong>orden de llegada de solicitudes hasta agotar fondos, te aconsejamos presentar la solicitud cuanto antes<\/strong>, preferiblemente el mismo 8 de abril, para evitar quedarte sin presupuesto.<\/li><\/ul><h2>Condiciones del beneficiario<\/h2><p>Para poder solicitar y beneficiarte de la <strong>subvenci\u00f3n \u00e1mbito TIC Catalu\u00f1a 2026<\/strong>, tu perfil debe ajustarse a los criterios establecidos en la base 6 de las bases reguladoras:<\/p><ol><li><strong>Tipo de empresa:<\/strong> Los beneficiarios pueden ser personas, entidades u organizaciones. Esto abre la puerta tanto a personas f\u00edsicas (aut\u00f3nomos) como a entidades jur\u00eddicas, asociaciones sin \u00e1nimo de lucro y pymes que operen en el \u00e1mbito de la inclusi\u00f3n tecnol\u00f3gica.<\/li><li><strong>Solicitud individual o en consorcio:<\/strong> Por norma general, se presenta a t\u00edtulo individual por la organizaci\u00f3n que ejecuta el proyecto.<\/li><li><strong>Antig\u00fcedad:<\/strong> Las bases generales no estipulan un m\u00ednimo de antig\u00fcedad, pero la entidad debe estar legalmente constituida y operativa.<\/li><li><strong>\u00c1nimo de lucro:<\/strong> Al incluir a organizaciones y entidades de fomento, aplica tanto para entidades sin \u00e1nimo de lucro como para empresas que desarrollen proyectos espec\u00edficos de impacto social y digital.<\/li><li><strong>Sector econ\u00f3mico:<\/strong> Est\u00e1 enfocado en el sector de las Tecnolog\u00edas de la Informaci\u00f3n y Comunicaci\u00f3n (TIC), educaci\u00f3n, formaci\u00f3n y servicios sociales. <em>Para ver si cumples con el sector, revisa tu alta en el impuesto de actividades econ\u00f3micas y tus escrituras de constituci\u00f3n (CNAE). Puedes modificar tus escrituras o dar de alta nuevas actividades si es necesario.<\/em><\/li><li><strong>Compatibilidad con otras ayudas:<\/strong> Deber\u00e1s vigilar los topes de financiaci\u00f3n si recibes otros fondos auton\u00f3micos o estatales para los mismos gastos, evitando la sobrefinanciaci\u00f3n.<\/li><li><strong>R\u00e9gimen de minimis:<\/strong> S\u00ed aplica de forma estricta. Existe un l\u00edmite total de ayudas de minimis de 300.000,00 euros por empresa o entidad beneficiaria en un periodo de tres a\u00f1os. <em>En el caso de que esta convocatoria s\u00ed afecte el minimis mostrar este enlace: https:\/\/mentorday.es\/wikitips\/maximo-subvencion-acumulada-minimis\/<\/em><\/li><li><strong>Otras condiciones o exigencias:<\/strong> Debes estar al corriente de pagos con Hacienda y la Seguridad Social, as\u00ed como justificar adecuadamente la viabilidad del proyecto frente a los colectivos en riesgo de exclusi\u00f3n.<\/li><\/ol><h2>Gastos e inversiones elegibles<\/h2><p>La convocatoria define claramente las actuaciones y gastos que pueden ser objeto de financiaci\u00f3n, detallados en la base 9 de sus bases reguladoras. Los proyectos deben orientarse a las siguientes actuaciones subvencionables:<\/p><ul><li><strong>Eventos de difusi\u00f3n:<\/strong> Creaci\u00f3n y organizaci\u00f3n de eventos de sensibilizaci\u00f3n orientados a reducir la brecha digital.<\/li><li><strong>Capacitaci\u00f3n:<\/strong> Realizaci\u00f3n de formaciones directas para la capacitaci\u00f3n digital de los usuarios.<\/li><li><strong>Investigaci\u00f3n:<\/strong> Elaboraci\u00f3n y edici\u00f3n de estudios o publicaciones de reflexi\u00f3n, investigaci\u00f3n y difusi\u00f3n enfocadas en las brechas sociodigitales.<\/li><li><strong>Plazo de ejecuci\u00f3n:<\/strong> Todos los gastos y actuaciones vinculadas al proyecto deben ejecutarse desde el <strong>1 de enero de 2026 hasta el 31 de diciembre de 2026<\/strong>.<\/li><li><strong>Aviso sobre el efecto incentivador:<\/strong> Dado que el plazo de ejecuci\u00f3n comienza el 1 de enero, los gastos generados desde esa fecha son elegibles, mitigando la regla habitual de \u00absolo gastos no ejecutados al solicitar\u00bb. A\u00fan as\u00ed, debes conservar todas las facturas y pagos correctamente fechados en 2026.<\/li><\/ul><h2>Tipo y monto de la ayuda<\/h2><p>Las condiciones econ\u00f3micas de esta convocatoria la convierten en una herramienta de alto impacto para las entidades sociales y tecnol\u00f3gicas:<\/p><ul><li><strong>Tipo de ayuda:<\/strong> Consiste en una <strong>subvenci\u00f3n<\/strong> a fondo perdido.<\/li><li><strong>Importe m\u00e1ximo por beneficiario:<\/strong> Cada proyecto aprobado podr\u00e1 recibir un importe m\u00e1ximo de <strong>25.000,00 euros<\/strong>.<\/li><li><strong>Porcentaje de financiaci\u00f3n:<\/strong> La ayuda es extraordinariamente generosa, ya que cubre <strong>hasta un 100% del presupuesto<\/strong> de la actividad subvencionada. No necesitas cofinanciar con recursos propios si ajustas tu presupuesto al l\u00edmite.<\/li><li><strong>Presupuesto total:<\/strong> El fondo global de la convocatoria destinado a estas ayudas asciende a <strong>200.000 euros<\/strong>. Esto implica que, como m\u00ednimo, se financiar\u00e1n 8 proyectos si todos solicitan el importe m\u00e1ximo.<\/li><li><strong>Forma de cobro:<\/strong> Seg\u00fan el r\u00e9gimen general, el pago suele realizarse tras la justificaci\u00f3n o mediante anticipos si las bases espec\u00edficas lo habilitan.<\/li><li><em>Consejo:<\/em> <strong>La administraci\u00f3n suele retrasarse en los pagos; busca fuentes alternativas de financiaci\u00f3n en el programa de aceleraci\u00f3n de mentorDay: https:\/\/mentorday.es\/inscripcion\/<\/strong><\/li><\/ul><h2>Informaci\u00f3n adicional de la convocatoria<\/h2><ul><li><strong>\u00d3rgano convocante:<\/strong> Generalitat de Catalu\u00f1a &#8211; Departamento de Empresa y Trabajo.<\/li><li><strong>Finalidad:<\/strong> Dinamizaci\u00f3n del talento TIC, inclusi\u00f3n social tecnol\u00f3gica y eliminaci\u00f3n de brechas digitales en la regi\u00f3n.<\/li><li><em>Recordatorio:<\/em> <strong>La informaci\u00f3n de esta TIP es solo orientativa con recomendaciones pr\u00e1cticas. Te recomendamos leer siempre las bases oficiales de la convocatoria<\/strong> publicadas en el DOGC para conocer los anexos documentales espec\u00edficos.<\/li><\/ul><h2>Preparaci\u00f3n de la solicitud de la convocatoria<\/h2><p>Antes de iniciar el tr\u00e1mite telem\u00e1tico, te <strong>recomendamos asegurarte de cumplir todas las condiciones<\/strong> detalladas en la secci\u00f3n de \u00abcondiciones del beneficiario\u00bb antes de presentar la solicitud, prestando especial atenci\u00f3n a que no superas el tope de minimis de 300.000 euros.<\/p><p><strong>Criterios de valoraci\u00f3n y evaluaci\u00f3n de la memoria:<\/strong> El Departamento de Empresa y Trabajo valorar\u00e1 el impacto social real de tu propuesta. Los proyectos ganadores ser\u00e1n aquellos que demuestren capacidad para alcanzar a los \u00abgrandes colectivos en riesgo de exclusi\u00f3n digital\u00bb. Tu memoria debe evidenciar m\u00e9tricas claras: a cu\u00e1ntas personas vas a formar, qu\u00e9 impacto tendr\u00e1 el evento de sensibilizaci\u00f3n o c\u00f3mo tu estudio ayudar\u00e1 a entender la brecha sociodigital.<\/p><p><strong>Consejos pr\u00e1cticos para elaborar y mejorar la memoria:<\/strong> No presentes una idea vaga. Estructura el proyecto de forma coherente: si pides 25.000 euros para formaci\u00f3n, desglosa exactamente cu\u00e1ntas horas, qu\u00e9 temario, coste de los docentes, alquiler de aulas y material inform\u00e1tico. Utiliza indicadores medibles (ej: \u00abConseguir que 50 personas mayores de 65 a\u00f1os aprendan a usar la banca online\u00bb).<\/p><p><strong>\u00cdndice de la memoria de solicitud (ejemplo):<\/strong> i. Datos de la entidad solicitante (Experiencia previa en el \u00e1mbito TIC o social). ii. Descripci\u00f3n del proyecto y objetivos (Fomento de talento digital o reducci\u00f3n de brecha). iii. Justificaci\u00f3n de la necesidad de la ayuda (Diagn\u00f3stico del colectivo en riesgo de exclusi\u00f3n). iv. Plan de inversiones y presupuesto detallado (Eventos, formaciones, edici\u00f3n de estudios). v. Impacto esperado y sostenibilidad (M\u00e9tricas de asistentes o alcance de la publicaci\u00f3n). vi. Documentaci\u00f3n anexa (NIF de la entidad, certificados de Hacienda\/Seguridad Social, declaraci\u00f3n de minimis, escrituras y CNAE).<\/p><p><strong>C\u00f3mo presentar la solicitud:<\/strong> La solicitud, junto con la documentaci\u00f3n anexa, debe presentarse de forma obligatoriamente telem\u00e1tica mediante los canales oficiales indicados por la Generalitat. Se exige que la solicitud vaya completa desde el inicio, por lo que re\u00fane toda la documentaci\u00f3n antes del 22 de abril.<\/p><h2>Resoluci\u00f3n de dudas<\/h2><p>Estructurar un proyecto de impacto social y cuadrar un presupuesto al 100% de financiaci\u00f3n requiere una estrategia impecable frente a los evaluadores. Para ello, te <strong>recomendamos solicitar asesoramiento de un experto en financiaci\u00f3n de mentorDay<\/strong> y, para ello, aconsejamos participar en los programas de aceleraci\u00f3n gratuitos de mentorDay, que comienzan cada mes.<\/p><p>En estos programas se facilita contacto directo con fuentes de financiaci\u00f3n y mejora del pitch para proyectos. M\u00e1s informaci\u00f3n: https:\/\/mentorday.es\/programas\/modelo-mentorday\/<\/p><hr \/><h2>Preguntas frecuentes (FAQ)<\/h2><h5>\u00bfQu\u00e9 es la subvenci\u00f3n \u00e1mbito TIC Catalu\u00f1a 2026?<\/h5><p>Es una ayuda econ\u00f3mica a fondo perdido impulsada por el Departamento de Empresa y Trabajo de Catalu\u00f1a, dise\u00f1ada para financiar proyectos que fomenten la capacitaci\u00f3n tecnol\u00f3gica, el talento digital y la reducci\u00f3n de la brecha digital, especialmente en colectivos vulnerables.<\/p><h5>\u00bfQui\u00e9n puede pedir las ayudas para reducir la brecha digital en Catalu\u00f1a?<\/h5><p>De acuerdo con la base 6 de sus regulaciones, pueden ser beneficiarios de estas subvenciones las personas (f\u00edsicas), entidades u organizaciones que cumplan los requisitos legales y operen para reducir la brecha sociodigital.<\/p><h5>\u00bfCu\u00e1les son los plazos para pedir esta subvenci\u00f3n de Empresa y Trabajo?<\/h5><p>El plazo de presentaci\u00f3n es muy ajustado. La ventanilla se abre el 8 de abril de 2026 a las 9:00 h y finaliza el 22 de abril de 2026 a las 14:00 h, otorgando un periodo de 15 d\u00edas h\u00e1biles para enviar la solicitud completa.<\/p><h5>\u00bfQu\u00e9 gastos o proyectos cubre la ayuda de capacitaci\u00f3n digital?<\/h5><p>La convocatoria financia tres l\u00edneas claras: la creaci\u00f3n de eventos de sensibilizaci\u00f3n y difusi\u00f3n, la impartici\u00f3n de formaciones para capacitaci\u00f3n digital, y la elaboraci\u00f3n o edici\u00f3n de estudios y publicaciones sobre brechas sociodigitales.<\/p><h5>\u00bfCu\u00e1nto dinero puedo conseguir para mi proyecto TIC y qu\u00e9 porcentaje cubre?<\/h5><p>La cuant\u00eda m\u00e1xima que puedes obtener por proyecto es de 25.000,00 euros. Una de las grandes ventajas de esta convocatoria es que puede llegar a financiar hasta el 100% del presupuesto total de la actividad subvencionada, sin requerir cofinanciaci\u00f3n por tu parte.<\/p><h5>\u00bfAplica el efecto incentivador estricto en esta convocatoria de 2026?<\/h5><p>A diferencia de otras ayudas donde no puedes gastar nada antes de pedirla, en esta convocatoria el plazo de ejecuci\u00f3n abarca desde el 1 de enero de 2026 hasta el 31 de diciembre de 2026. Esto significa que los gastos de las actuaciones subvencionables realizados desde enero de este mismo a\u00f1o s\u00ed son elegibles.<\/p><hr \/><h2>Quiz sobre la convocatoria<\/h2><p><strong>A) \u00bfA qu\u00e9 colectivos debe prestar especial atenci\u00f3n el proyecto para alinearse con los objetivos de la ayuda?<\/strong><\/p><ul><li>A multinacionales del sector del software y hardware.<\/li><li>A grandes colectivos en riesgo de exclusi\u00f3n digital.<\/li><li>A inversores privados de capital riesgo. <strong>Respuesta correcta:<\/strong> A grandes colectivos en riesgo de exclusi\u00f3n digital.<\/li><\/ul><p><strong>B) \u00bfCu\u00e1l es el importe m\u00e1ximo que se puede otorgar a un solo proyecto en esta convocatoria?<\/strong><\/p><ul><li>200.000,00 euros.<\/li><li>25.000,00 euros.<\/li><li>300.000,00 euros. <strong>Respuesta correcta:<\/strong> 25.000,00 euros.<\/li><\/ul><p><strong>C) Seg\u00fan el reglamento de minimis, \u00bfcu\u00e1l es el tope m\u00e1ximo de ayudas que puede haber recibido la empresa en un periodo de tres a\u00f1os para no ser excluida?<\/strong><\/p><ul><li>25.000,00 euros.<\/li><li>100.000,00 euros.<\/li><li>300.000,00 euros. <strong>Respuesta correcta:<\/strong> 300.000,00 euros.<\/li><\/ul><p><strong>D) \u00bfEn qu\u00e9 fecha y hora exactas finaliza el plazo para presentar el formulario de solicitud?<\/strong><\/p><ul><li>El 8 de abril de 2026 a las 09:00 h.<\/li><li>El 22 de abril de 2026 a las 14:00 h.<\/li><li>El 31 de diciembre de 2026 a las 23:59 h. <strong>Respuesta correcta:<\/strong> El 22 de abril de 2026 a las 14:00 h.<\/li><\/ul><hr \/><h3>BLOQUE SEO PARA RANK MATH<\/h3><p><strong>1. Focus Keyword (Palabra clave principal)<\/strong> subvenci\u00f3n \u00e1mbito TIC Catalu\u00f1a 2026<\/p><p><strong>2. Keywords secundarias (LSI)<\/strong> ayudas capacitaci\u00f3n digital Catalu\u00f1a, reducir brecha digital TIC, subvenciones Departamento Empresa y Trabajo, financiaci\u00f3n formaci\u00f3n TIC 2026, proyectos talento digital Catalu\u00f1a, ayudas minimis exclusi\u00f3n digital.<\/p><p><strong>3. Meta Descripci\u00f3n<\/strong> <em>Versi\u00f3n 1:<\/em> Consigue la subvenci\u00f3n \u00e1mbito TIC Catalu\u00f1a 2026. Obt\u00e9n hasta 25.000\u20ac para proyectos de capacitaci\u00f3n digital y reducci\u00f3n de la brecha. \u00a1Solic\u00edtala paso a paso! <em>Versi\u00f3n 2:<\/em> Impulsa el talento con la subvenci\u00f3n \u00e1mbito TIC Catalu\u00f1a 2026. Financiaci\u00f3n del 100% para formaci\u00f3n y eventos tecnol\u00f3gicos. \u00a1Solic\u00edtala paso a paso hoy!<\/p><p><strong>4. URL (Slug)<\/strong> subvencion-ambito-tic-cataluna-2026<\/p><p><strong>5. ALT text para im\u00e1genes<\/strong><\/p><ul><li><em>Imagen 1:<\/em> Gu\u00eda pr\u00e1ctica para solicitar la subvenci\u00f3n \u00e1mbito TIC Catalu\u00f1a 2026 y financiar proyectos digitales.<\/li><li><em>Imagen 2:<\/em> Gastos elegibles en ayudas capacitaci\u00f3n digital Catalu\u00f1a para reducir la brecha digital TIC.<\/li><li><em>Imagen 3:<\/em> Plazos y requisitos de las subvenciones Departamento Empresa y Trabajo para formaciones tecnol\u00f3gicas.<\/li><\/ul><p><strong>6. Extracto (Excerpt WordPress)<\/strong> Ayuda a reducir la brecha tecnol\u00f3gica en tu regi\u00f3n. Descubre c\u00f3mo conseguir hasta 25.000 euros con la subvenci\u00f3n \u00e1mbito TIC Catalu\u00f1a 2026 para financiar el 100% de tu proyecto de formaci\u00f3n o sensibilizaci\u00f3n digital.<\/p><p><strong>7. Etiquetas (Tags)<\/strong> \u00c1mbito TIC, Catalu\u00f1a, Brecha Digital, Capacitaci\u00f3n Digital, Departamento Empresa y Trabajo, Subvenciones 2026, Formaci\u00f3n Tecnol\u00f3gica, Inclusi\u00f3n Social, mentorDay, Talento Digital.<\/p>\t\t\t\t\t\t\t\t<\/div>\n\t\t\t\t<\/div>\n\t\t\t\t\t<\/div>\n\t\t\t\t<\/div>\n\t\t\t\t<\/div>\n\t\t","protected":false},"excerpt":{"rendered":"<p>Consigue la subvenci\u00f3n competitividad empresas Navarra 2026. Hasta 25.000\u20ac a fondo perdido para consultor\u00eda y mejora de procesos. \u00a1Solic\u00edtala paso a paso! <\/p>\n","protected":false},"author":11,"featured_media":141213,"comment_status":"open","ping_status":"closed","sticky":false,"template":"","format":"standard","meta":{"footnotes":""},"categories":[1218],"tags":[414,1145],"class_list":["post-142993","post","type-post","status-publish","format-standard","has-post-thumbnail","hentry","category-ayudas-y-subvenciones","tag-financiacion-emprendedores","tag-formas-de-inversion"],"_links":{"self":[{"href":"https:\/\/mentorday.es\/wikitips\/wp-json\/wp\/v2\/posts\/142993","targetHints":{"allow":["GET"]}}],"collection":[{"href":"https:\/\/mentorday.es\/wikitips\/wp-json\/wp\/v2\/posts"}],"about":[{"href":"https:\/\/mentorday.es\/wikitips\/wp-json\/wp\/v2\/types\/post"}],"author":[{"embeddable":true,"href":"https:\/\/mentorday.es\/wikitips\/wp-json\/wp\/v2\/users\/11"}],"replies":[{"embeddable":true,"href":"https:\/\/mentorday.es\/wikitips\/wp-json\/wp\/v2\/comments?post=142993"}],"version-history":[{"count":4,"href":"https:\/\/mentorday.es\/wikitips\/wp-json\/wp\/v2\/posts\/142993\/revisions"}],"predecessor-version":[{"id":142997,"href":"https:\/\/mentorday.es\/wikitips\/wp-json\/wp\/v2\/posts\/142993\/revisions\/142997"}],"wp:featuredmedia":[{"embeddable":true,"href":"https:\/\/mentorday.es\/wikitips\/wp-json\/wp\/v2\/media\/141213"}],"wp:attachment":[{"href":"https:\/\/mentorday.es\/wikitips\/wp-json\/wp\/v2\/media?parent=142993"}],"wp:term":[{"taxonomy":"category","embeddable":true,"href":"https:\/\/mentorday.es\/wikitips\/wp-json\/wp\/v2\/categories?post=142993"},{"taxonomy":"post_tag","embeddable":true,"href":"https:\/\/mentorday.es\/wikitips\/wp-json\/wp\/v2\/tags?post=142993"}],"curies":[{"name":"wp","href":"https:\/\/api.w.org\/{rel}","templated":true}]}}