{"id":149987,"date":"2026-09-03T08:07:39","date_gmt":"2026-09-03T08:07:39","guid":{"rendered":"https:\/\/mentorday.es\/wikitips\/?p=149987"},"modified":"2026-09-03T11:18:11","modified_gmt":"2026-09-03T11:18:11","slug":"ayudas-directas-pymes-ceuta-2026","status":"publish","type":"post","link":"https:\/\/mentorday.es\/wikitips\/ayudas-directas-pymes-ceuta-2026\/","title":{"rendered":"Ayudas directas pymes Ceuta 2026: Plan de choque del Gobierno de Espa\u00f1a para empresas y aut\u00f3nomos"},"content":{"rendered":"\t\t<div data-elementor-type=\"wp-post\" data-elementor-id=\"149987\" class=\"elementor elementor-149987\" data-elementor-post-type=\"post\">\n\t\t\t\t<div class=\"elementor-element elementor-element-4c6cc13 e-flex e-con-boxed e-con e-parent\" data-id=\"4c6cc13\" data-element_type=\"container\" data-e-type=\"container\">\n\t\t\t\t\t<div class=\"e-con-inner\">\n\t\t\n\n\n\t\t<div class=\"elementor-element elementor-element-a2a808a elementor-widget elementor-widget-text-editor\" data-id=\"a2a808a\" data-element_type=\"widget\" data-e-type=\"widget\" data-widget_type=\"text-editor.default\">\n\t\t\t\t<div class=\"elementor-widget-container\">\n\t\t\t\t\t\t\t\t\t<p>La aprobaci\u00f3n del nuevo paquete econ\u00f3mico y social por parte del Consejo de Ministros mediante Real Decreto-ley representa un hito hist\u00f3rico para la estabilidad econ\u00f3mica del territorio. Si eres aut\u00f3nomo o gestionas una peque\u00f1a empresa en la ciudad aut\u00f3noma, las nuevas <strong>ayudas directas pymes Ceuta 2026<\/strong> te ofrecen el colch\u00f3n financiero y fiscal necesario para afrontar la actual situaci\u00f3n de crisis. Con una dotaci\u00f3n presupuestaria sin precedentes de <strong>309 millones de euros en gasto directo<\/strong> (equivalente al 16% del PIB de la ciudad aut\u00f3noma) y otros <strong>50 millones de euros adicionales en avales<\/strong>, este plan estatal de choque busca reactivar con urgencia el tejido comercial, proteger el empleo local mediante incentivos extraordinarios y mejorar de forma permanente tu tributaci\u00f3n fiscal. En esta gu\u00eda te explicamos de manera pr\u00e1ctica y detallada c\u00f3mo solicitar los pagos de hasta 150.000 euros, los requisitos del ERTE de fuerza mayor y c\u00f3mo preparar tu expediente.<\/p><h2>Objetivo de la convocatoria<\/h2><p>El objetivo principal de este paquete extraordinario es <strong>mitigar la crisis desbordada en Ceuta<\/strong>, garantizando la continuidad de la actividad econ\u00f3mica, reforzando los servicios p\u00fablicos esenciales y protegiendo tanto el empleo como las finanzas de las empresas y trabajadores aut\u00f3nomos de la zona.<\/p><p>A trav\u00e9s de esta inyecci\u00f3n masiva de fondos, el Gobierno de Espa\u00f1a pretende reactivar el consumo, abaratar los costes fiscales fijos de las empresas residentes, inyectar capital directo para compensar p\u00e9rdidas operativas y facilitar la flexibilizaci\u00f3n laboral mediante un r\u00e9gimen laboral especial y formativo que evite la destrucci\u00f3n definitiva de puestos de trabajo.<\/p><h2>Regi\u00f3n de impacto<\/h2><p>Esta iniciativa se centra de forma prioritaria en la ciudad aut\u00f3noma de <strong>Ceuta<\/strong>. No obstante, las medidas de car\u00e1cter permanente en el \u00e1mbito de la fiscalidad (como el incremento del Impuesto sobre Sociedades y mejoras de IRPF para aut\u00f3nomos) se extienden tambi\u00e9n a la ciudad aut\u00f3noma de <strong>Melilla<\/strong>, consolidando un marco de incentivos fiscales exclusivo para las entidades de ambas regiones.<\/p><h2>Fecha y hora l\u00edmite de solicitud<\/h2><p>El calendario del plan de choque para el \u00faltimo cuatrimestre de 2026 exige agilidad por parte de los solicitantes:<\/p><ul><li><strong>Apertura del plazo para ayudas directas:<\/strong> Podr\u00e1s tramitar y enviar tu solicitud formal a partir del <strong>14 de septiembre de 2026<\/strong> de forma telem\u00e1tica.<\/li><li><strong>Fecha de cobro prevista:<\/strong> El \u00f3rgano gestor ha fijado el firme objetivo de comenzar a ordenar y abonar los pagos directos a principios del mes de <strong>octubre de 2026<\/strong>.<\/li><li><strong>ERTE de Fuerza Mayor Extraordinario:<\/strong> La plataforma y el r\u00e9gimen de protecci\u00f3n de suspensi\u00f3n laboral extraordinaria estar\u00e1n vigentes y operativos hasta el <strong>8 de diciembre de 2026<\/strong>.<\/li><li><strong>Efecto incentivador y prueba de da\u00f1os:<\/strong> <strong>\u00a1Atenci\u00f3n! El emprendedor puede perder la subvenci\u00f3n o sufrir retrasos cr\u00edticos en el cobro si no aporta desde el inicio las justificaciones econ\u00f3micas y laborales pertinentes.<\/strong> Te aconsejamos documentar formalmente la afectaci\u00f3n en tu actividad comercial antes de registrar la solicitud.<\/li><li>Al tratarse de una tramitaci\u00f3n de emergencia que canalizar\u00e1 millones de euros en pocas semanas, <strong>si es por orden de llegada de solicitudes hasta agotar fondos, te aconsejamos presentar la solicitud cuanto antes<\/strong> para asegurar tu turno en la Agencia Tributaria.<\/li><\/ul><h2>Condiciones del beneficiario<\/h2><p>Para poder ser beneficiario de las <strong>ayudas directas pymes Ceuta 2026<\/strong>, tu negocio debe cumplir con las siguientes condiciones de elegibilidad:<\/p><ol><li><strong>Tipo de empresa:<\/strong> El programa est\u00e1 abierto a trabajadores aut\u00f3nomos (personas f\u00edsicas) y pymes (peque\u00f1as y medianas empresas con personalidad jur\u00eddica societaria) que ejerzan actividad real en la zona.<\/li><li><strong>Solicitud individual:<\/strong> Cada persona f\u00edsica o jur\u00eddica solicita la ayuda de manera individual para sus correspondientes centros de trabajo radicados en la ciudad aut\u00f3noma.<\/li><li><strong>Afectaci\u00f3n y volumen de facturaci\u00f3n:<\/strong> Estar dado de alta en el censo tributario con domicilio fiscal o establecimiento de producci\u00f3n activo en Ceuta y acreditar que tu facturaci\u00f3n se ha visto afectada de forma directa por los acontecimientos recientes.<\/li><li><strong>\u00c1nimo de lucro:<\/strong> S\u00ed aplica, al ir destinado al mantenimiento del tejido empresarial productivo privado.<\/li><li><strong>Sector econ\u00f3mico:<\/strong> Dirigido de forma global a los sectores industriales, comerciales, de servicios y tur\u00edsticos locales. Quedan excluidas las entidades p\u00fablicas y las asociaciones sin fines lucrativos que no ejerzan actividad de mercado. <em>Para ver si cumples con el sector, revisa tu alta en el impuesto de actividades econ\u00f3micas y tus escrituras de constituci\u00f3n (CNAE). Puedes modificar tus escrituras o dar de alta nuevas actividades si es necesario.<\/em><\/li><li><strong>Compatibilidad con otras ayudas:<\/strong> Estas ayudas directas son totalmente compatibles con la activaci\u00f3n de los ERTE de fuerza mayor extraordinarios, el cobro del cese de actividad de aut\u00f3nomos y la solicitud de los nuevos avales ICO.<\/li><li><strong>R\u00e9gimen de minimis:<\/strong> En el caso de que esta convocatoria si afecte el minimis mostrar este enlace: https:\/\/mentorday.es\/wikitips\/maximo-subvencion-acumulada-minimis\/<\/li><li><strong>Otras condiciones o exigencias:<\/strong> Estar al corriente de las obligaciones tributarias y de la Seguridad Social, as\u00ed como cumplir estrictamente con los plazos de la Ley de Lucha contra la Morosidad en el pago a proveedores si la ayuda total del grupo supera los 30.000 euros.<\/li><\/ol><h2>Gastos e inversiones elegibles<\/h2><p>Las ayudas directas y los mecanismos de flexibilidad laboral subvencionan las siguientes partidas de emergencia:<\/p><ul><li><strong>Ayuda directa de capital:<\/strong> Gastos de mantenimiento de la actividad comercial, costes fijos operativos, alquileres, suministros, aprovisionamientos de existencias y pago de n\u00f3minas.<\/li><li><strong>ERTE por Fuerza Mayor:<\/strong> Exenci\u00f3n del <strong>100% en las cuotas empresariales<\/strong> a la Seguridad Social (incluyendo aportaciones por contingencias comunes y profesionales) desde el mes de septiembre hasta el 8 de diciembre de 2026 para contratos suspendidos o jornadas reducidas.<\/li><li><strong>Formaci\u00f3n SEPE:<\/strong> Proyectos de formaci\u00f3n y reciclaje para trabajadores afectados, subvencionados con una partida global de <strong>650.000 euros<\/strong> a trav\u00e9s del Servicio P\u00fablico de Empleo Estatal.<\/li><li><strong>Soporte de liquidez:<\/strong> L\u00ednea de avales del Instituto de Cr\u00e9dito Oficial (ICO) dotada con <strong>50 millones de euros<\/strong> para financiar nuevas necesidades de circulante.<\/li><\/ul><h2>Tipo y monto de la ayuda<\/h2><p>El plan de choque moviliza recursos masivos a trav\u00e9s de diferentes instrumentos de financiaci\u00f3n y beneficios directos:<\/p><ul><li><strong>Tipo de ayuda:<\/strong> Combinaci\u00f3n de subvenciones directas a fondo perdido, avales p\u00fablicos, aplazamientos de deudas y mejoras fiscales permanentes.<\/li><li><strong>Ayudas directas (Presupuesto total de 6,6 millones de euros):<\/strong><ul><li><strong>5.000 euros fijos<\/strong> para trabajadores aut\u00f3nomos (estimando dar cobertura a unos 2.600 aut\u00f3nomos de la ciudad).<\/li><li><strong>Entre 10.000 y 150.000 euros<\/strong> para peque\u00f1as y medianas empresas (pymes), cuant\u00eda calculada de forma progresiva en funci\u00f3n de su volumen de facturaci\u00f3n (para unas 1.400 empresas locales).<\/li><\/ul><\/li><li><strong>Avales ICO:<\/strong> L\u00ednea de avales p\u00fablicos de <strong>50 millones de euros<\/strong> para garantizar pr\u00e9stamos bancarios.<\/li><li><strong>Medidas Fiscales Permanentes:<\/strong><ul><li>Incremento de la deducci\u00f3n en el Impuesto sobre Sociedades, que sube del <strong>50% al 60%<\/strong> para entidades con actividad real y puestos de trabajo en Ceuta y Melilla.<\/li><li>Aumento permanente al <strong>75%<\/strong> de la bonificaci\u00f3n empresarial en la cotizaci\u00f3n a la Seguridad Social en contratos indefinidos y de sustituci\u00f3n por incapacidad temporal en sectores estrat\u00e9gicos (como la construcci\u00f3n).<\/li><li>Mejoras sustanciales y de car\u00e1cter permanente en la tributaci\u00f3n del IRPF para trabajadores aut\u00f3nomos.<\/li><\/ul><\/li><li><strong>Aplazamiento de Deudas:<\/strong> Los aut\u00f3nomos y pymes podr\u00e1n solicitar el aplazamiento de deudas con la Seguridad Social con un tipo de inter\u00e9s de demora reducido al <strong>0,5%<\/strong>.<\/li><li><em>Consejo:<\/em> \u201cLa administraci\u00f3n suele retrasarse en los pagos; busca fuentes alternativas de financiaci\u00f3n en el programa de aceleraci\u00f3n de mentorDay: https:\/\/mentorday.es\/inscripcion\/\u201d<\/li><\/ul><h2>Informaci\u00f3n adicional de la convocatoria<\/h2><ul><li><strong>\u00d3rgano convocante:<\/strong> Consejo de Ministros &#8211; Gobierno de Espa\u00f1a, gestionado de forma coordinada a trav\u00e9s de la Agencia Estatal de Administraci\u00f3n Tributaria (AEAT), la Tesorer\u00eda General de la Seguridad Social (TGSS) y el SEPE.<\/li><li><strong>Marco regulador:<\/strong> Real Decreto-ley de medidas urgentes de car\u00e1cter social y econ\u00f3mico de apoyo a la ciudad aut\u00f3noma de Ceuta.<\/li><li><em>Recordatorio:<\/em> \u201cLa informaci\u00f3n de esta TIP es solo orientativa con recomendaciones pr\u00e1cticas. Te recomendamos leer siempre las bases oficiales de la convocatoria.\u201d<\/li><\/ul><h2>Preparaci\u00f3n de la solicitud de la convocatoria<\/h2><p>Te <strong>recomendamos asegurarte de cumplir todas las condiciones<\/strong> detalladas en la secci\u00f3n de \u00abcondiciones del beneficiario\u00bb antes de rellenar la solicitud telem\u00e1tica para agilizar el proceso y evitar requerimientos de subsanaci\u00f3n.<\/p><h3>Criterios de valoraci\u00f3n \/ evaluaci\u00f3n de la memoria<\/h3><p>Al tratarse de ayudas directas de concesi\u00f3n extraordinaria por emergencia, la resoluci\u00f3n no requiere baremar tu proyecto frente al de otros competidores directos. Los t\u00e9cnicos de la Agencia Tributaria evaluar\u00e1n de forma binaria el cumplimiento objetivo de los requisitos de establecimiento en Ceuta, el volumen de facturaci\u00f3n declarado y la justificaci\u00f3n de la necesidad de circulante debida al impacto comercial del \u00faltimo periodo.<\/p><h3>Consejos pr\u00e1cticos para elaborar y mejorar la memoria<\/h3><p>Ten preparados tus libros de contabilidad actualizados y las declaraciones de IVA presentadas. Es importante que justifiques de manera clara c\u00f3mo la ca\u00edda o paralizaci\u00f3n temporal de las actividades en el centro de trabajo de Ceuta afecta directamente tus finanzas. Si vas a tramitar el ERTE por fuerza mayor extraordinario, aporta partes policiales o de seguridad que demuestren cierres comerciales o dificultades de acceso para tu plantilla.<\/p><h3>\u00cdndice de la memoria de solicitud (ejemplo):<\/h3><p>i. Datos identificativos de la pyme o aut\u00f3nomo (IAE, CIF, escrituras y alta censal en Ceuta). ii. Descripci\u00f3n detallada del impacto econ\u00f3mico y cese temporal de actividad por la crisis. iii. Justificaci\u00f3n de la necesidad de la ayuda y previsi\u00f3n del uso del capital directo. iv. Plan de mantenimiento del empleo y acogida a medidas de ERTE extraordinaria (si aplica). v. Presupuesto detallado de costes operativos fijos y circulante (sin IVA). vi. Documentaci\u00f3n anexa (certificados tributarios, declaraciones de IVA y balances contables).<\/p><p><strong>C\u00f3mo presentar la solicitud:<\/strong> La solicitud se presentar\u00e1 obligatoriamente por v\u00eda digital a trav\u00e9s de la sede electr\u00f3nica de la <strong>Agencia Estatal de Administraci\u00f3n Tributaria (AEAT)<\/strong> a partir de la fecha de apertura fijada para el 14 de septiembre de 2026. Aseg\u00farate de adjuntar el expediente completo para acelerar el ingreso de la liquidez previsto para octubre de 2026.<\/p>\t\t\t\t\t\t\t\t<\/div>\n\t\t\t\t<\/div>\n\t\t\t\t<div class=\"elementor-element elementor-element-a253823 elementor-widget elementor-widget-text-editor\" data-id=\"a253823\" data-element_type=\"widget\" data-e-type=\"widget\" data-widget_type=\"text-editor.default\">\n\t\t\t\t<div class=\"elementor-widget-container\">\n\t\t\t\t\t\t\t\t\t<h2 style=\"text-align: left;\"><strong>\u2753 FAQ (Preguntas frecuentes)<\/strong><\/h2>\t\t\t\t\t\t\t\t<\/div>\n\t\t\t\t<\/div>\n\t\t\t\t<div class=\"elementor-element elementor-element-58caf1b elementor-widget elementor-widget-n-accordion\" data-id=\"58caf1b\" data-element_type=\"widget\" data-e-type=\"widget\" data-settings=\"{&quot;default_state&quot;:&quot;expanded&quot;,&quot;max_items_expended&quot;:&quot;one&quot;,&quot;n_accordion_animation_duration&quot;:{&quot;unit&quot;:&quot;ms&quot;,&quot;size&quot;:400,&quot;sizes&quot;:[]}}\" data-widget_type=\"nested-accordion.default\">\n\t\t\t\t<div class=\"elementor-widget-container\">\n\t\t\t\t\t\t\t<div class=\"e-n-accordion\" aria-label=\"Accordion. Open links with Enter or Space, close with Escape, and navigate with Arrow Keys\">\n\t\t\t\t\t\t<details id=\"e-n-accordion-item-9310\" class=\"e-n-accordion-item\" open>\n\t\t\t\t<summary class=\"e-n-accordion-item-title\" data-accordion-index=\"1\" tabindex=\"0\" aria-expanded=\"true\" aria-controls=\"e-n-accordion-item-9310\" >\n\t\t\t\t\t<span class='e-n-accordion-item-title-header'><div class=\"e-n-accordion-item-title-text\"> \u00bfEs necesario haber cotizado los 12 meses m\u00ednimos que normalmente se exigen para cobrar el paro de aut\u00f3nomos?  <\/div><\/span>\n\t\t\t\t\t\t\t<span class='e-n-accordion-item-title-icon'>\n\t\t\t<span class='e-opened' ><i aria-hidden=\"true\" class=\"fas fa-minus\"><\/i><\/span>\n\t\t\t<span class='e-closed'><i aria-hidden=\"true\" class=\"fas fa-plus\"><\/i><\/span>\n\t\t<\/span>\n\n\t\t\t\t\t\t<\/summary>\n\t\t\t\t<div role=\"region\" aria-labelledby=\"e-n-accordion-item-9310\" class=\"elementor-element elementor-element-84de580 e-con-full e-flex e-con e-child\" data-id=\"84de580\" data-element_type=\"container\" data-e-type=\"container\">\n\t\t\t\t<div class=\"elementor-element elementor-element-45b51f8 elementor-widget elementor-widget-text-editor\" data-id=\"45b51f8\" data-element_type=\"widget\" data-e-type=\"widget\" data-widget_type=\"text-editor.default\">\n\t\t\t\t<div class=\"elementor-widget-container\">\n\t\t\t\t\t\t\t\t\t<p>No, el Real Decreto-ley 20\/2026 elimina de forma excepcional este requisito de carencia previa. Los aut\u00f3nomos afectados por los incendios de 2026 tienen derecho a solicitar y cobrar esta prestaci\u00f3n extraordinaria aunque hayan iniciado recientemente su actividad o disfruten de la cuota reducida (tarifa plana).<\/p>\t\t\t\t\t\t\t\t<\/div>\n\t\t\t\t<\/div>\n\t\t\t\t<\/div>\n\t\t\t\t\t<\/details>\n\t\t\t\t\t\t<details id=\"e-n-accordion-item-9311\" class=\"e-n-accordion-item\" >\n\t\t\t\t<summary class=\"e-n-accordion-item-title\" data-accordion-index=\"2\" tabindex=\"-1\" aria-expanded=\"false\" aria-controls=\"e-n-accordion-item-9311\" >\n\t\t\t\t\t<span class='e-n-accordion-item-title-header'><div class=\"e-n-accordion-item-title-text\"> \u00bfEl cobro de esta prestaci\u00f3n extraordinaria reducir\u00e1 mis meses acumulados de cese de actividad para el futuro?  <\/div><\/span>\n\t\t\t\t\t\t\t<span class='e-n-accordion-item-title-icon'>\n\t\t\t<span class='e-opened' ><i aria-hidden=\"true\" class=\"fas fa-minus\"><\/i><\/span>\n\t\t\t<span class='e-closed'><i aria-hidden=\"true\" class=\"fas fa-plus\"><\/i><\/span>\n\t\t<\/span>\n\n\t\t\t\t\t\t<\/summary>\n\t\t\t\t<div role=\"region\" aria-labelledby=\"e-n-accordion-item-9311\" class=\"elementor-element elementor-element-c3f7dc6 e-con-full e-flex e-con e-child\" data-id=\"c3f7dc6\" data-element_type=\"container\" data-e-type=\"container\">\n\t\t\t\t<div class=\"elementor-element elementor-element-42cbf27 elementor-widget elementor-widget-text-editor\" data-id=\"42cbf27\" data-element_type=\"widget\" data-e-type=\"widget\" data-widget_type=\"text-editor.default\">\n\t\t\t\t<div class=\"elementor-widget-container\">\n\t\t\t\t\t\t\t\t\t<p>No, esta medida extraordinaria funciona con un sistema de \u00abcontador a cero\u00bb. Los meses en los que percibas la ayuda por los incendios de 2026 no se consumir\u00e1n ni se descontar\u00e1n del periodo m\u00e1ximo de prestaci\u00f3n por cese de actividad ordinario al que tengas derecho en el futuro.<\/p>\t\t\t\t\t\t\t\t<\/div>\n\t\t\t\t<\/div>\n\t\t\t\t<\/div>\n\t\t\t\t\t<\/details>\n\t\t\t\t\t\t<details id=\"e-n-accordion-item-9312\" class=\"e-n-accordion-item\" >\n\t\t\t\t<summary class=\"e-n-accordion-item-title\" data-accordion-index=\"3\" tabindex=\"-1\" aria-expanded=\"false\" aria-controls=\"e-n-accordion-item-9312\" >\n\t\t\t\t\t<span class='e-n-accordion-item-title-header'><div class=\"e-n-accordion-item-title-text\"> \u00bfQu\u00e9 porcentaje de mi base reguladora cobrar\u00e9 si mi negocio ha tenido que cerrar completamente?  <\/div><\/span>\n\t\t\t\t\t\t\t<span class='e-n-accordion-item-title-icon'>\n\t\t\t<span class='e-opened' ><i aria-hidden=\"true\" class=\"fas fa-minus\"><\/i><\/span>\n\t\t\t<span class='e-closed'><i aria-hidden=\"true\" class=\"fas fa-plus\"><\/i><\/span>\n\t\t<\/span>\n\n\t\t\t\t\t\t<\/summary>\n\t\t\t\t<div role=\"region\" aria-labelledby=\"e-n-accordion-item-9312\" class=\"elementor-element elementor-element-b7bd1ec e-flex e-con-boxed e-con e-child\" data-id=\"b7bd1ec\" data-element_type=\"container\" data-e-type=\"container\">\n\t\t\t\t\t<div class=\"e-con-inner\">\n\t\t\t\t<div class=\"elementor-element elementor-element-b231c1b elementor-widget elementor-widget-text-editor\" data-id=\"b231c1b\" data-element_type=\"widget\" data-e-type=\"widget\" data-widget_type=\"text-editor.default\">\n\t\t\t\t<div class=\"elementor-widget-container\">\n\t\t\t\t\t\t\t\t\t<p>Si te has visto obligado a suspender totalmente tu actividad de forma temporal por las medidas de protecci\u00f3n civil derivadas de los incendios, cobrar\u00e1s una prestaci\u00f3n equivalente al\u00a0<strong>70% de tu base reguladora<\/strong>\u00a0media de los \u00faltimos 12 meses.<\/p>\t\t\t\t\t\t\t\t<\/div>\n\t\t\t\t<\/div>\n\t\t\t\t\t<\/div>\n\t\t\t\t<\/div>\n\t\t\t\t\t<\/details>\n\t\t\t\t\t\t<details id=\"e-n-accordion-item-9313\" class=\"e-n-accordion-item\" >\n\t\t\t\t<summary class=\"e-n-accordion-item-title\" data-accordion-index=\"4\" tabindex=\"-1\" aria-expanded=\"false\" aria-controls=\"e-n-accordion-item-9313\" >\n\t\t\t\t\t<span class='e-n-accordion-item-title-header'><div class=\"e-n-accordion-item-title-text\">  \u00bfPuedo solicitar la ayuda si sigo vendiendo un poco pero mis ingresos se han hundido gravemente?  <\/div><\/span>\n\t\t\t\t\t\t\t<span class='e-n-accordion-item-title-icon'>\n\t\t\t<span class='e-opened' ><i aria-hidden=\"true\" class=\"fas fa-minus\"><\/i><\/span>\n\t\t\t<span class='e-closed'><i aria-hidden=\"true\" class=\"fas fa-plus\"><\/i><\/span>\n\t\t<\/span>\n\n\t\t\t\t\t\t<\/summary>\n\t\t\t\t<div role=\"region\" aria-labelledby=\"e-n-accordion-item-9313\" class=\"elementor-element elementor-element-0c939d5 e-flex e-con-boxed e-con e-child\" data-id=\"0c939d5\" data-element_type=\"container\" data-e-type=\"container\">\n\t\t\t\t\t<div class=\"e-con-inner\">\n\t\t\t\t<div class=\"elementor-element elementor-element-3f3ea8e elementor-widget elementor-widget-text-editor\" data-id=\"3f3ea8e\" data-element_type=\"widget\" data-e-type=\"widget\" data-widget_type=\"text-editor.default\">\n\t\t\t\t<div class=\"elementor-widget-container\">\n\t\t\t\t\t\t\t\t\t<p>S\u00ed, puedes solicitar la suspensi\u00f3n temporal parcial si cumples con las condiciones de fuerza mayor: tu sector o centro de trabajo debe estar afectado, debe existir declaraci\u00f3n oficial de emergencia, debes sufrir una ca\u00edda de ingresos de al menos el 75% respecto al a\u00f1o anterior y tu rendimiento mensual neto no debe superar el SMI. Percibir\u00e1s el\u00a0<strong>50% de tu base reguladora<\/strong>.<\/p>\t\t\t\t\t\t\t\t<\/div>\n\t\t\t\t<\/div>\n\t\t\t\t\t<\/div>\n\t\t\t\t<\/div>\n\t\t\t\t\t<\/details>\n\t\t\t\t\t\t<details id=\"e-n-accordion-item-9314\" class=\"e-n-accordion-item\" >\n\t\t\t\t<summary class=\"e-n-accordion-item-title\" data-accordion-index=\"5\" tabindex=\"-1\" aria-expanded=\"false\" aria-controls=\"e-n-accordion-item-9314\" >\n\t\t\t\t\t<span class='e-n-accordion-item-title-header'><div class=\"e-n-accordion-item-title-text\"> \u00bfEs obligatorio que el fuego haya tocado o quemado f\u00edsicamente las instalaciones de mi empresa?  <\/div><\/span>\n\t\t\t\t\t\t\t<span class='e-n-accordion-item-title-icon'>\n\t\t\t<span class='e-opened' ><i aria-hidden=\"true\" class=\"fas fa-minus\"><\/i><\/span>\n\t\t\t<span class='e-closed'><i aria-hidden=\"true\" class=\"fas fa-plus\"><\/i><\/span>\n\t\t<\/span>\n\n\t\t\t\t\t\t<\/summary>\n\t\t\t\t<div role=\"region\" aria-labelledby=\"e-n-accordion-item-9314\" class=\"elementor-element elementor-element-886cfea e-flex e-con-boxed e-con e-child\" data-id=\"886cfea\" data-element_type=\"container\" data-e-type=\"container\">\n\t\t\t\t\t<div class=\"e-con-inner\">\n\t\t\t\t<div class=\"elementor-element elementor-element-d6736f6 elementor-widget elementor-widget-text-editor\" data-id=\"d6736f6\" data-element_type=\"widget\" data-e-type=\"widget\" data-widget_type=\"text-editor.default\">\n\t\t\t\t<div class=\"elementor-widget-container\">\n\t\t\t\t\t\t\t\t\t<p>No, en absoluto. La normativa protege tambi\u00e9n la inactividad econ\u00f3mica indirecta provocada por medidas de protecci\u00f3n civil asociadas al incendio, tales como confinamientos de la poblaci\u00f3n, \u00f3rdenes de evacuaci\u00f3n, cierres de carreteras de acceso o prohibici\u00f3n de actividades al aire libre o forestales<\/p>\t\t\t\t\t\t\t\t<\/div>\n\t\t\t\t<\/div>\n\t\t\t\t\t<\/div>\n\t\t\t\t<\/div>\n\t\t\t\t\t<\/details>\n\t\t\t\t\t\t<details id=\"e-n-accordion-item-9315\" class=\"e-n-accordion-item\" >\n\t\t\t\t<summary class=\"e-n-accordion-item-title\" data-accordion-index=\"6\" tabindex=\"-1\" aria-expanded=\"false\" aria-controls=\"e-n-accordion-item-9315\" >\n\t\t\t\t\t<span class='e-n-accordion-item-title-header'><div class=\"e-n-accordion-item-title-text\"> \u00bfCu\u00e1l es el plazo m\u00e1ximo del que dispongo para tramitar la ayuda con mi mutua?  <\/div><\/span>\n\t\t\t\t\t\t\t<span class='e-n-accordion-item-title-icon'>\n\t\t\t<span class='e-opened' ><i aria-hidden=\"true\" class=\"fas fa-minus\"><\/i><\/span>\n\t\t\t<span class='e-closed'><i aria-hidden=\"true\" class=\"fas fa-plus\"><\/i><\/span>\n\t\t<\/span>\n\n\t\t\t\t\t\t<\/summary>\n\t\t\t\t<div role=\"region\" aria-labelledby=\"e-n-accordion-item-9315\" class=\"elementor-element elementor-element-29de1ef e-flex e-con-boxed e-con e-child\" data-id=\"29de1ef\" data-element_type=\"container\" data-e-type=\"container\">\n\t\t\t\t\t<div class=\"e-con-inner\">\n\t\t\t\t<div class=\"elementor-element elementor-element-e9c80fb elementor-widget elementor-widget-text-editor\" data-id=\"e9c80fb\" data-element_type=\"widget\" data-e-type=\"widget\" data-widget_type=\"text-editor.default\">\n\t\t\t\t<div class=\"elementor-widget-container\">\n\t\t\t\t\t\t\t\t\t<p>La norma establece que la solicitud debe presentarse hasta el \u00faltimo d\u00eda del mes siguiente a aquel en que se haya producido el hecho causante (el cese). Para los ceses originados durante el mes de julio de 2026, las mutuas est\u00e1n utilizando preferentemente el\u00a0<strong>31 de agosto de 2026<\/strong>\u00a0como fecha l\u00edmite de solicitud para evitar penalizaciones retroactivas de d\u00edas de cobro.<\/p>\t\t\t\t\t\t\t\t<\/div>\n\t\t\t\t<\/div>\n\t\t\t\t\t<\/div>\n\t\t\t\t<\/div>\n\t\t\t\t\t<\/details>\n\t\t\t\t\t\t<details id=\"e-n-accordion-item-9316\" class=\"e-n-accordion-item\" >\n\t\t\t\t<summary class=\"e-n-accordion-item-title\" data-accordion-index=\"7\" tabindex=\"-1\" aria-expanded=\"false\" aria-controls=\"e-n-accordion-item-9316\" >\n\t\t\t\t\t<span class='e-n-accordion-item-title-header'><div class=\"e-n-accordion-item-title-text\"> \u00bfQu\u00e9 mutuas o entidades son las encargadas de tramitar y pagar esta prestaci\u00f3n de cese extraordinario?  <\/div><\/span>\n\t\t\t\t\t\t\t<span class='e-n-accordion-item-title-icon'>\n\t\t\t<span class='e-opened' ><i aria-hidden=\"true\" class=\"fas fa-minus\"><\/i><\/span>\n\t\t\t<span class='e-closed'><i aria-hidden=\"true\" class=\"fas fa-plus\"><\/i><\/span>\n\t\t<\/span>\n\n\t\t\t\t\t\t<\/summary>\n\t\t\t\t<div role=\"region\" aria-labelledby=\"e-n-accordion-item-9316\" class=\"elementor-element elementor-element-117512d e-flex e-con-boxed e-con e-child\" data-id=\"117512d\" data-element_type=\"container\" data-e-type=\"container\">\n\t\t\t\t\t<div class=\"e-con-inner\">\n\t\t\t\t<div class=\"elementor-element elementor-element-1d94147 elementor-widget elementor-widget-text-editor\" data-id=\"1d94147\" data-element_type=\"widget\" data-e-type=\"widget\" data-widget_type=\"text-editor.default\">\n\t\t\t\t<div class=\"elementor-widget-container\">\n\t\t\t\t\t\t\t\t\t<p>Las encargadas de la gesti\u00f3n, tramitaci\u00f3n y abono de las cantidades provisionales son las mutuas colaboradoras con la Seguridad Social que tengas contratadas para tus contingencias profesionales, o bien el Instituto Social de la Marina en el caso de trabajadores del mar.<\/p>\t\t\t\t\t\t\t\t<\/div>\n\t\t\t\t<\/div>\n\t\t\t\t\t<\/div>\n\t\t\t\t<\/div>\n\t\t\t\t\t<\/details>\n\t\t\t\t\t\t<details id=\"e-n-accordion-item-9317\" class=\"e-n-accordion-item\" >\n\t\t\t\t<summary class=\"e-n-accordion-item-title\" data-accordion-index=\"8\" tabindex=\"-1\" aria-expanded=\"false\" aria-controls=\"e-n-accordion-item-9317\" >\n\t\t\t\t\t<span class='e-n-accordion-item-title-header'><div class=\"e-n-accordion-item-title-text\"> \u00bfCu\u00e1nto tiempo como m\u00e1ximo puedo permanecer cobrando esta ayuda extraordinaria?  <\/div><\/span>\n\t\t\t\t\t\t\t<span class='e-n-accordion-item-title-icon'>\n\t\t\t<span class='e-opened' ><i aria-hidden=\"true\" class=\"fas fa-minus\"><\/i><\/span>\n\t\t\t<span class='e-closed'><i aria-hidden=\"true\" class=\"fas fa-plus\"><\/i><\/span>\n\t\t<\/span>\n\n\t\t\t\t\t\t<\/summary>\n\t\t\t\t<div role=\"region\" aria-labelledby=\"e-n-accordion-item-9317\" class=\"elementor-element elementor-element-da429e2 e-flex e-con-boxed e-con e-child\" data-id=\"da429e2\" data-element_type=\"container\" data-e-type=\"container\">\n\t\t\t\t\t<div class=\"e-con-inner\">\n\t\t\t\t<div class=\"elementor-element elementor-element-5d9ae7a elementor-widget elementor-widget-text-editor\" data-id=\"5d9ae7a\" data-element_type=\"widget\" data-e-type=\"widget\" data-widget_type=\"text-editor.default\">\n\t\t\t\t<div class=\"elementor-widget-container\">\n\t\t\t\t\t\t\t\t\t<p>La prestaci\u00f3n extraordinaria de cese de actividad por incendios de 2026 puede percibirse durante un periodo m\u00e1ximo de\u00a0<strong>hasta 4 meses<\/strong>\u00a0consecutivos desde la fecha en que se fije el inicio provisional de la inactividad (con efectos retroactivos posibles desde el 22 de julio de 2026).<\/p>\t\t\t\t\t\t\t\t<\/div>\n\t\t\t\t<\/div>\n\t\t\t\t\t<\/div>\n\t\t\t\t<\/div>\n\t\t\t\t\t<\/details>\n\t\t\t\t\t<\/div>\n\t\t\t\t\t<script type=\"application\/ld+json\">{\"@context\":\"https:\\\/\\\/schema.org\",\"@type\":\"FAQPage\",\"mainEntity\":[{\"@type\":\"Question\",\"name\":\"\\u00bfEs necesario haber cotizado los 12 meses m\\u00ednimos que normalmente se exigen para cobrar el paro de aut\\u00f3nomos?\",\"acceptedAnswer\":{\"@type\":\"Answer\",\"text\":\"No, el Real Decreto-ley 20\\\/2026 elimina de forma excepcional este requisito de carencia previa. Los aut\\u00f3nomos afectados por los incendios de 2026 tienen derecho a solicitar y cobrar esta prestaci\\u00f3n extraordinaria aunque hayan iniciado recientemente su actividad o disfruten de la cuota reducida (tarifa plana).\"}},{\"@type\":\"Question\",\"name\":\"\\u00bfEl cobro de esta prestaci\\u00f3n extraordinaria reducir\\u00e1 mis meses acumulados de cese de actividad para el futuro?\",\"acceptedAnswer\":{\"@type\":\"Answer\",\"text\":\"No, esta medida extraordinaria funciona con un sistema de \\u00abcontador a cero\\u00bb. Los meses en los que percibas la ayuda por los incendios de 2026 no se consumir\\u00e1n ni se descontar\\u00e1n del periodo m\\u00e1ximo de prestaci\\u00f3n por cese de actividad ordinario al que tengas derecho en el futuro.\"}},{\"@type\":\"Question\",\"name\":\"\\u00bfQu\\u00e9 porcentaje de mi base reguladora cobrar\\u00e9 si mi negocio ha tenido que cerrar completamente?\",\"acceptedAnswer\":{\"@type\":\"Answer\",\"text\":\"Si te has visto obligado a suspender totalmente tu actividad de forma temporal por las medidas de protecci\\u00f3n civil derivadas de los incendios, cobrar\\u00e1s una prestaci\\u00f3n equivalente al\\u00a070% de tu base reguladora\\u00a0media de los \\u00faltimos 12 meses.\"}},{\"@type\":\"Question\",\"name\":\"\\u00bfPuedo solicitar la ayuda si sigo vendiendo un poco pero mis ingresos se han hundido gravemente?\",\"acceptedAnswer\":{\"@type\":\"Answer\",\"text\":\"S\\u00ed, puedes solicitar la suspensi\\u00f3n temporal parcial si cumples con las condiciones de fuerza mayor: tu sector o centro de trabajo debe estar afectado, debe existir declaraci\\u00f3n oficial de emergencia, debes sufrir una ca\\u00edda de ingresos de al menos el 75% respecto al a\\u00f1o anterior y tu rendimiento mensual neto no debe superar el SMI. Percibir\\u00e1s el\\u00a050% de tu base reguladora.\"}},{\"@type\":\"Question\",\"name\":\"\\u00bfEs obligatorio que el fuego haya tocado o quemado f\\u00edsicamente las instalaciones de mi empresa?\",\"acceptedAnswer\":{\"@type\":\"Answer\",\"text\":\"No, en absoluto. La normativa protege tambi\\u00e9n la inactividad econ\\u00f3mica indirecta provocada por medidas de protecci\\u00f3n civil asociadas al incendio, tales como confinamientos de la poblaci\\u00f3n, \\u00f3rdenes de evacuaci\\u00f3n, cierres de carreteras de acceso o prohibici\\u00f3n de actividades al aire libre o forestales\"}},{\"@type\":\"Question\",\"name\":\"\\u00bfCu\\u00e1l es el plazo m\\u00e1ximo del que dispongo para tramitar la ayuda con mi mutua?\",\"acceptedAnswer\":{\"@type\":\"Answer\",\"text\":\"La norma establece que la solicitud debe presentarse hasta el \\u00faltimo d\\u00eda del mes siguiente a aquel en que se haya producido el hecho causante (el cese). Para los ceses originados durante el mes de julio de 2026, las mutuas est\\u00e1n utilizando preferentemente el\\u00a031 de agosto de 2026\\u00a0como fecha l\\u00edmite de solicitud para evitar penalizaciones retroactivas de d\\u00edas de cobro.\"}},{\"@type\":\"Question\",\"name\":\"\\u00bfQu\\u00e9 mutuas o entidades son las encargadas de tramitar y pagar esta prestaci\\u00f3n de cese extraordinario?\",\"acceptedAnswer\":{\"@type\":\"Answer\",\"text\":\"Las encargadas de la gesti\\u00f3n, tramitaci\\u00f3n y abono de las cantidades provisionales son las mutuas colaboradoras con la Seguridad Social que tengas contratadas para tus contingencias profesionales, o bien el Instituto Social de la Marina en el caso de trabajadores del mar.\"}},{\"@type\":\"Question\",\"name\":\"\\u00bfCu\\u00e1nto tiempo como m\\u00e1ximo puedo permanecer cobrando esta ayuda extraordinaria?\",\"acceptedAnswer\":{\"@type\":\"Answer\",\"text\":\"La prestaci\\u00f3n extraordinaria de cese de actividad por incendios de 2026 puede percibirse durante un periodo m\\u00e1ximo de\\u00a0hasta 4 meses\\u00a0consecutivos desde la fecha en que se fije el inicio provisional de la inactividad (con efectos retroactivos posibles desde el 22 de julio de 2026).\"}}]}<\/script>\n\t\t\t\t\t\t\t<\/div>\n\t\t\t\t<\/div>\n\t\t\t\t<div class=\"elementor-element elementor-element-12b57ee elementor-widget elementor-widget-text-editor\" data-id=\"12b57ee\" data-element_type=\"widget\" data-e-type=\"widget\" data-widget_type=\"text-editor.default\">\n\t\t\t\t<div class=\"elementor-widget-container\">\n\t\t\t\t\t\t\t\t\t<h2>Resoluci\u00f3n de dudas<\/h2><p>Organizar la documentaci\u00f3n financiera para la Agencia Tributaria, calcular las cotizaciones para el aplazamiento de deudas al 0,5% de inter\u00e9s, o dise\u00f1ar un plan estrat\u00e9gico para reestructurar tu comercio, requiere un asesoramiento t\u00e9cnico especializado. Por ello, te <strong>recomendamos solicitar asesoramiento de un experto en financiaci\u00f3n de mentorDay y, para ello, aconseja participar en los programas de aceleraci\u00f3n gratuitos de mentorDay, que comienzan cada mes.<\/strong><\/p><p><strong>En estos programas se facilita contacto directo con fuentes de financiaci\u00f3n y mejora del pitch para proyectos.<\/strong> <strong>M\u00e1s informaci\u00f3n: <a href=\"https:\/\/mentorday.es\/programas\/modelo-mentorday\/\">https:\/\/mentorday.es\/programas\/modelo-mentorday\/<\/a><\/strong><\/p>\t\t\t\t\t\t\t\t<\/div>\n\t\t\t\t<\/div>\n\t\t\t\t<div class=\"elementor-element elementor-element-3a3aba0 elementor-widget elementor-widget-text-editor\" data-id=\"3a3aba0\" data-element_type=\"widget\" data-e-type=\"widget\" data-widget_type=\"text-editor.default\">\n\t\t\t\t<div class=\"elementor-widget-container\">\n\t\t\t\t\t\t\t\t\t<h2 style=\"text-align: center;\">QUIZ<\/h2>\t\t\t\t\t\t\t\t<\/div>\n\t\t\t\t<\/div>\n\t\t\t\t<div class=\"elementor-element elementor-element-63c2e00 elementor-widget elementor-widget-mentorforms\" data-id=\"63c2e00\" data-element_type=\"widget\" data-e-type=\"widget\" data-widget_type=\"mentorforms.default\">\n\t\t\t\t<div class=\"elementor-widget-container\">\n\t\t\t\t\t<iframe aria-label=\"Quiz: Certificaciones para empresas\" src=\"https:\/\/forms.zohopublic.com\/jcaverodyrectoes\/form\/Ayudasparaautnomosafectadosporincendios2026\/formperma\/WyLkzSugSKFTbLv8nD6RI28i2bV12uNf1GyqanGthm8\" width=\"99%\" height=\"500px\" frameborder=\"0\" allowfullscreen=\"allowfullscreen\"><\/iframe>\t\t\t\t<\/div>\n\t\t\t\t<\/div>\n\t\t\t\t\t<\/div>\n\t\t\t\t<\/div>\n\t\t\t\t<\/div>\n\t\t","protected":false},"excerpt":{"rendered":"<p>Inyecci\u00f3n econ\u00f3mica e incentivos fiscales permanentes para consolidar tu negocio. Descubre c\u00f3mo solicitar las ayudas directas de hasta 150.000 euros con el plan de choque y ayudas directas pymes Ceuta 2026.<\/p>\n","protected":false},"author":6,"featured_media":148559,"comment_status":"open","ping_status":"closed","sticky":false,"template":"","format":"standard","meta":{"footnotes":""},"categories":[1159,3424,1170],"tags":[],"class_list":["post-149987","post","type-post","status-publish","format-standard","has-post-thumbnail","hentry","category-financiacion","category-reactivacion-empresarial","category-financiacion-publica"],"_links":{"self":[{"href":"https:\/\/mentorday.es\/wikitips\/wp-json\/wp\/v2\/posts\/149987","targetHints":{"allow":["GET"]}}],"collection":[{"href":"https:\/\/mentorday.es\/wikitips\/wp-json\/wp\/v2\/posts"}],"about":[{"href":"https:\/\/mentorday.es\/wikitips\/wp-json\/wp\/v2\/types\/post"}],"author":[{"embeddable":true,"href":"https:\/\/mentorday.es\/wikitips\/wp-json\/wp\/v2\/users\/6"}],"replies":[{"embeddable":true,"href":"https:\/\/mentorday.es\/wikitips\/wp-json\/wp\/v2\/comments?post=149987"}],"version-history":[{"count":18,"href":"https:\/\/mentorday.es\/wikitips\/wp-json\/wp\/v2\/posts\/149987\/revisions"}],"predecessor-version":[{"id":150062,"href":"https:\/\/mentorday.es\/wikitips\/wp-json\/wp\/v2\/posts\/149987\/revisions\/150062"}],"wp:featuredmedia":[{"embeddable":true,"href":"https:\/\/mentorday.es\/wikitips\/wp-json\/wp\/v2\/media\/148559"}],"wp:attachment":[{"href":"https:\/\/mentorday.es\/wikitips\/wp-json\/wp\/v2\/media?parent=149987"}],"wp:term":[{"taxonomy":"category","embeddable":true,"href":"https:\/\/mentorday.es\/wikitips\/wp-json\/wp\/v2\/categories?post=149987"},{"taxonomy":"post_tag","embeddable":true,"href":"https:\/\/mentorday.es\/wikitips\/wp-json\/wp\/v2\/tags?post=149987"}],"curies":[{"name":"wp","href":"https:\/\/api.w.org\/{rel}","templated":true}]}}